{"id":1737,"date":"2014-09-22T06:19:47","date_gmt":"2014-09-22T06:19:47","guid":{"rendered":"https:\/\/codexflores.ch\/index.php\/2014\/09\/22\/welser-moest-will-nicht-nach-linz\/"},"modified":"2014-09-22T06:19:47","modified_gmt":"2014-09-22T06:19:47","slug":"welser-moest-will-nicht-nach-linz","status":"publish","type":"post","link":"https:\/\/codexflores.ch\/index.php\/2014\/09\/22\/welser-moest-will-nicht-nach-linz\/","title":{"rendered":"Welser-M\u00f6st will nicht nach Linz"},"content":{"rendered":"<p><span style=\"font-family: arial,helvetica,sans-serif; font-size: small;\">22.09.2014 &#8212; Von Wien nach Linz, das h\u00e4tte auch eher erstaunt: Der Linzer Kulturreferent Josef P\u00fchringer hat nach einem Gespr\u00e4ch mit Welser-M\u00f6st wenig \u00fcberraschend mitgeteilt, dass der zur\u00fcckgetretene Generalmusikdirektor der Wiener Staatsoper nicht nach Ober\u00f6sterreich wechselt.<\/span><\/p>\n<p><span style=\"font-family: arial,helvetica,sans-serif; font-size: small;\"><strong>22.09.2014 &#8212; Von Wien nach Linz, das h\u00e4tte auch eher erstaunt: Der Linzer Kulturreferent Josef P\u00fchringer hat nach einem Gespr\u00e4ch mit Welser-M\u00f6st wenig \u00fcberraschend mitgeteilt, dass der zur\u00fcckgetretene Generalmusikdirektor der Wiener Staatsoper nicht nach\u00a0<span style=\"font-family: arial,helvetica,sans-serif; font-size: small;\">Ober\u00f6sterreich <\/span> wechselt.<\/strong><\/span><\/p>\n<p><span style=\"font-family: arial,helvetica,sans-serif; font-size: small;\">\u00a0<\/span><\/p>\n<p><span style=\"font-family: arial,helvetica,sans-serif; font-size: small;\">Laut <em>Tiroler Tageszeitung<\/em> will der geb\u00fcrtige Linzer Welser-M\u00f6st \u00abdie wiedergewonnene Freiheit und zeitliche Verf\u00fcgbarkeit nutzen, um interessante Projekte anzunehmen\u00bb. <\/span><\/p>\n<p><span style=\"font-family: arial,helvetica,sans-serif; font-size: small;\">\u00a0<\/span><\/p>\n<p><span style=\"font-family: arial,helvetica,sans-serif; font-size: small;\">In Linz muss 2017 ein Nachfolger von Dennis Russell Davies installiert werden, der zu diesem Zeitpunkt als Chefdirigent des Linzer Bruckner Orchesters und Opernchef des Landestheaters zur\u00fccktritt. Welser-M\u00f6st d\u00fcrfte sich allerdings eher in der Liga sehen, die sich um die Nachfolge von James Levine an der New Yorker Met k\u00fcmmert, die nach der dezidierten Absage von Fabio Luisi wieder offener ist als je.<em> (cf)<\/em><\/span><\/p>\n<p>\u00a0<\/p>\n","protected":false},"excerpt":{"rendered":"<p><span style=\"font-family: arial,helvetica,sans-serif; font-size: small;\">22.09.2014 &#8212; Von Wien nach Linz, das h\u00e4tte auch eher erstaunt: Der Linzer Kulturreferent Josef P\u00fchringer hat nach einem Gespr\u00e4ch mit Welser-M\u00f6st wenig \u00fcberraschend mitgeteilt, dass der zur\u00fcckgetretene Generalmusikdirektor der Wiener Staatsoper nicht nach Ober\u00f6sterreich wechselt.<\/span><\/p>\n","protected":false},"author":1,"featured_media":0,"comment_status":"open","ping_status":"open","sticky":false,"template":"","format":"standard","meta":{"footnotes":""},"categories":[2],"tags":[],"class_list":["post-1737","post","type-post","status-publish","format-standard","hentry","category-nachrichten","entry"],"_links":{"self":[{"href":"https:\/\/codexflores.ch\/index.php\/wp-json\/wp\/v2\/posts\/1737","targetHints":{"allow":["GET"]}}],"collection":[{"href":"https:\/\/codexflores.ch\/index.php\/wp-json\/wp\/v2\/posts"}],"about":[{"href":"https:\/\/codexflores.ch\/index.php\/wp-json\/wp\/v2\/types\/post"}],"author":[{"embeddable":true,"href":"https:\/\/codexflores.ch\/index.php\/wp-json\/wp\/v2\/users\/1"}],"replies":[{"embeddable":true,"href":"https:\/\/codexflores.ch\/index.php\/wp-json\/wp\/v2\/comments?post=1737"}],"version-history":[{"count":0,"href":"https:\/\/codexflores.ch\/index.php\/wp-json\/wp\/v2\/posts\/1737\/revisions"}],"wp:attachment":[{"href":"https:\/\/codexflores.ch\/index.php\/wp-json\/wp\/v2\/media?parent=1737"}],"wp:term":[{"taxonomy":"category","embeddable":true,"href":"https:\/\/codexflores.ch\/index.php\/wp-json\/wp\/v2\/categories?post=1737"},{"taxonomy":"post_tag","embeddable":true,"href":"https:\/\/codexflores.ch\/index.php\/wp-json\/wp\/v2\/tags?post=1737"}],"curies":[{"name":"wp","href":"https:\/\/api.w.org\/{rel}","templated":true}]}}