{"id":1738,"date":"2014-09-22T06:38:03","date_gmt":"2014-09-22T06:38:03","guid":{"rendered":"https:\/\/codexflores.ch\/index.php\/2014\/09\/22\/riccardo-muti-verlaesst-die-roemer-oper\/"},"modified":"2014-09-22T06:38:03","modified_gmt":"2014-09-22T06:38:03","slug":"riccardo-muti-verlaesst-die-roemer-oper","status":"publish","type":"post","link":"https:\/\/codexflores.ch\/index.php\/2014\/09\/22\/riccardo-muti-verlaesst-die-roemer-oper\/","title":{"rendered":"Riccardo Muti legt Dirigate an der R\u00f6mer Oper nieder"},"content":{"rendered":"<p>22.09.2014 &#8212; Nach Welser-M\u00f6sts Abgang in Wien der zweite sofortige R\u00fccktritt in einer europ\u00e4ischen Hauptstadt: Riccardo Muti will an der Opera di Roma nicht mehr dirigieren.<\/p>\n<p><strong>22.09.2014 &#8212; Nach Welser-M\u00f6sts Abgang in Wien der zweite sofortige R\u00fccktritt in einer europ\u00e4ischen Hauptstadt: Riccardo Muti will an der Opera di Roma nicht mehr dirigieren.\u00a0<\/strong><\/p>\n<p>\u00a0<\/p>\n<p>Konkret legt Muti Dirigate dieser Saison von Verdis <em>Aida<\/em> und Mozarts <em>Hochzeit des Figaro<\/em> nieder. Die Begr\u00fcndungen klingen\u00a0 \u00e4hnlich wie in Wien: Die Zust\u00e4nde im Haus erlaubten und die angespannte Atmosph\u00e4re erlaubten keine produktive Arbeit, zitiert ein italienischer Nachrichtendient den Dirigenten. Muti will sich in Italien nun in erster Linie dem Luigi Cherubini Orchestra widmen.<em> (cf)<\/em><\/p>\n<p>\u00a0<\/p>\n<p>\u00a0<\/p>\n","protected":false},"excerpt":{"rendered":"<p>22.09.2014 &#8212; Nach Welser-M\u00f6sts Abgang in Wien der zweite sofortige R\u00fccktritt in einer europ\u00e4ischen Hauptstadt: Riccardo Muti will an der Opera di Roma nicht mehr dirigieren.<\/p>\n","protected":false},"author":1,"featured_media":0,"comment_status":"open","ping_status":"open","sticky":false,"template":"","format":"standard","meta":{"footnotes":""},"categories":[2],"tags":[],"class_list":["post-1738","post","type-post","status-publish","format-standard","hentry","category-nachrichten","entry"],"_links":{"self":[{"href":"https:\/\/codexflores.ch\/index.php\/wp-json\/wp\/v2\/posts\/1738","targetHints":{"allow":["GET"]}}],"collection":[{"href":"https:\/\/codexflores.ch\/index.php\/wp-json\/wp\/v2\/posts"}],"about":[{"href":"https:\/\/codexflores.ch\/index.php\/wp-json\/wp\/v2\/types\/post"}],"author":[{"embeddable":true,"href":"https:\/\/codexflores.ch\/index.php\/wp-json\/wp\/v2\/users\/1"}],"replies":[{"embeddable":true,"href":"https:\/\/codexflores.ch\/index.php\/wp-json\/wp\/v2\/comments?post=1738"}],"version-history":[{"count":0,"href":"https:\/\/codexflores.ch\/index.php\/wp-json\/wp\/v2\/posts\/1738\/revisions"}],"wp:attachment":[{"href":"https:\/\/codexflores.ch\/index.php\/wp-json\/wp\/v2\/media?parent=1738"}],"wp:term":[{"taxonomy":"category","embeddable":true,"href":"https:\/\/codexflores.ch\/index.php\/wp-json\/wp\/v2\/categories?post=1738"},{"taxonomy":"post_tag","embeddable":true,"href":"https:\/\/codexflores.ch\/index.php\/wp-json\/wp\/v2\/tags?post=1738"}],"curies":[{"name":"wp","href":"https:\/\/api.w.org\/{rel}","templated":true}]}}