{"id":1739,"date":"2014-09-23T05:47:17","date_gmt":"2014-09-23T05:47:17","guid":{"rendered":"https:\/\/codexflores.ch\/index.php\/2014\/09\/23\/buehnenverein-gegen-berufung-von-tibor-navracsics\/"},"modified":"2014-09-23T05:47:17","modified_gmt":"2014-09-23T05:47:17","slug":"buehnenverein-gegen-berufung-von-tibor-navracsics","status":"publish","type":"post","link":"https:\/\/codexflores.ch\/index.php\/2014\/09\/23\/buehnenverein-gegen-berufung-von-tibor-navracsics\/","title":{"rendered":"B\u00fchnenverein gegen Berufung von Tibor Navracsics"},"content":{"rendered":"<p><span style=\"font-family: arial,helvetica,sans-serif; font-size: small;\">23.09.2014 &#8212; Der Vorschlag von EU-Kommissionspr\u00e4sident Jean-Claude Juncker, den jetzigen ungarischen Aussenminister Tibor Navracsics zum EU-Kommissar f\u00fcr Bildung, Jugend, Kultur und B\u00fcrgergesellschaft zu berufen, st\u00f6sst beim Deutschen B\u00fchnenverein auf scharfe Ablehnung.<\/span><\/p>\n<p><span style=\"font-family: arial,helvetica,sans-serif; font-size: small;\"><strong>23.09.2014 &#8212; Der Vorschlag von EU-Kommissionspr\u00e4sident Jean-Claude Juncker, den jetzigen ungarischen Aussenminister Tibor Navracsics zum EU-Kommissar f\u00fcr Bildung, Jugend, Kultur und B\u00fcrgergesellschaft zu berufen, st\u00f6sst beim Deutschen B\u00fchnenverein auf scharfe Ablehnung.<\/strong><\/span><\/p>\n<p><span style=\"font-family: arial,helvetica,sans-serif; font-size: small;\">\u00a0<\/span><\/p>\n<p><span style=\"font-family: arial,helvetica,sans-serif; font-size: small;\">Es k\u00f6nne nicht sein, dass ein Politiker wie Navracsics ein EU-Ressort \u00fcbernehme, das von einer zentralen Bedeutung f\u00fcr das geistige Klima in Europa sei, betont der Pr\u00e4sident des Deutschen B\u00fchnenvereins, Klaus Zehelein, in K\u00f6ln. Die regierende, europakritische Fidesz-Partei, der Navracsics angeh\u00f6rt, stehe in Ungarn f\u00fcr Einschr\u00e4nkungen der Pressefreiheit sowie f\u00fcr Entlassungen von unbequemen Theater-Intendanten.<\/span><\/p>\n<p>\u00a0<\/p>\n<p><span style=\"font-family: arial,helvetica,sans-serif; font-size: small;\"> Europa zeichne sich durch seine kulturelle Vielfalt aus. Gerade die werde von der Partei Fidesz in Frage gestellt. Wichtig sei Bildung und Erziehung vor allem von jungen Menschen im Sinne dieser Vielfalt, um die Jugend f\u00fcr Europa zu gewinnen und ihr den hohen Stellenwert von Kreativit\u00e4t und Fantasie f\u00fcr die Entwicklung Europas vor Augen zu f\u00fchren. Ausserdem geht es nach Auffassung Zeheleins darum, die Meinungsfreiheit und die Freiheit der Kunst zu einem Schwerpunkt europ\u00e4ischer Kultur- und Bildungspolitik zu machen. <\/span><\/p>\n<p>\u00a0<\/p>\n<p><span style=\"font-family: arial,helvetica,sans-serif; font-size: small;\">Das k\u00f6nne ein EU-Kommissar, der gerade f\u00fcr die Einschr\u00e4nkung dieser Freiheiten in seinem Land verantwortlich sei, nicht vermitteln. Zehelein legt dem EU-Parlament daher dringend nahe, den Vorschlag zur Besetzung des Ressorts f\u00fcr Bildung, Jugend Kultur und B\u00fcrgergesellschaft abzulehnen. <em>(cf)<\/em><\/span><\/p>\n<p>\u00a0<\/p>\n","protected":false},"excerpt":{"rendered":"<p><span style=\"font-family: arial,helvetica,sans-serif; font-size: small;\">23.09.2014 &#8212; Der Vorschlag von EU-Kommissionspr\u00e4sident Jean-Claude Juncker, den jetzigen ungarischen Aussenminister Tibor Navracsics zum EU-Kommissar f\u00fcr Bildung, Jugend, Kultur und B\u00fcrgergesellschaft zu berufen, st\u00f6sst beim Deutschen B\u00fchnenverein auf scharfe Ablehnung.<\/span><\/p>\n","protected":false},"author":1,"featured_media":0,"comment_status":"open","ping_status":"open","sticky":false,"template":"","format":"standard","meta":{"footnotes":""},"categories":[2],"tags":[],"class_list":["post-1739","post","type-post","status-publish","format-standard","hentry","category-nachrichten","entry"],"_links":{"self":[{"href":"https:\/\/codexflores.ch\/index.php\/wp-json\/wp\/v2\/posts\/1739","targetHints":{"allow":["GET"]}}],"collection":[{"href":"https:\/\/codexflores.ch\/index.php\/wp-json\/wp\/v2\/posts"}],"about":[{"href":"https:\/\/codexflores.ch\/index.php\/wp-json\/wp\/v2\/types\/post"}],"author":[{"embeddable":true,"href":"https:\/\/codexflores.ch\/index.php\/wp-json\/wp\/v2\/users\/1"}],"replies":[{"embeddable":true,"href":"https:\/\/codexflores.ch\/index.php\/wp-json\/wp\/v2\/comments?post=1739"}],"version-history":[{"count":0,"href":"https:\/\/codexflores.ch\/index.php\/wp-json\/wp\/v2\/posts\/1739\/revisions"}],"wp:attachment":[{"href":"https:\/\/codexflores.ch\/index.php\/wp-json\/wp\/v2\/media?parent=1739"}],"wp:term":[{"taxonomy":"category","embeddable":true,"href":"https:\/\/codexflores.ch\/index.php\/wp-json\/wp\/v2\/categories?post=1739"},{"taxonomy":"post_tag","embeddable":true,"href":"https:\/\/codexflores.ch\/index.php\/wp-json\/wp\/v2\/tags?post=1739"}],"curies":[{"name":"wp","href":"https:\/\/api.w.org\/{rel}","templated":true}]}}