{"id":1742,"date":"2014-09-23T06:06:33","date_gmt":"2014-09-23T06:06:33","guid":{"rendered":"https:\/\/codexflores.ch\/index.php\/2014\/09\/23\/luzerner-sinfonieorchester-zurueck-aus-lateinamerika\/"},"modified":"2014-09-23T06:06:33","modified_gmt":"2014-09-23T06:06:33","slug":"luzerner-sinfonieorchester-zurueck-aus-lateinamerika","status":"publish","type":"post","link":"https:\/\/codexflores.ch\/index.php\/2014\/09\/23\/luzerner-sinfonieorchester-zurueck-aus-lateinamerika\/","title":{"rendered":"Luzerner Sinfonieorchester zur\u00fcck aus Lateinamerika"},"content":{"rendered":"<p><span style=\"font-family: arial,helvetica,sans-serif; font-size: small;\">23.09.2014 &#8212; In insgesamt f\u00fcnf Konzerten in Argentinien, Uruguay und Brasilien pr\u00e4sentierte sich das Luzerner Sinfonieorchester erstmals in wichtigsten Kulturmetropolen Lateinamerikas. Alle Konzerte waren sehr gut ausgelastet bis ausverkauft und die Fachpresse gab den Konzerten herausragende Besprechungen.<\/span><\/p>\n<p>\u00a0<\/p>\n<p><span style=\"font-family: arial,helvetica,sans-serif; font-size: small;\"><strong>23.09.2014 &#8212; In insgesamt f\u00fcnf Konzerten in Argentinien, Uruguay und Brasilien pr\u00e4sentierte sich das Luzerner Sinfonieorchester erstmals in wichtigsten Kulturmetropolen Lateinamerikas. Alle Konzerte waren sehr gut ausgelastet bis ausverkauft und die Fachpresse gab den Konzerten herausragende Besprechungen.<\/strong><\/span><\/p>\n<p>\u00a0<\/p>\n<p><span style=\"font-family: arial,helvetica,sans-serif; font-size: small;\"> Der franz\u00f6sische Geiger Renaud Capu\u00e7on wirkte bei allen Konzerten als Solist mit. Die Fachpresse gab den Konzerten herausragende Besprechungen. Noch vor dem letzten Konzert erhielt das LSO bereits eine neue Einladung f\u00fcr eine zuk\u00fcnftige Tournee nach S\u00fcdamerika. <\/span><\/p>\n<p>\u00a0<\/p>\n<p><span style=\"font-family: arial,helvetica,sans-serif; font-size: small;\">Das Orchester engagierte sich auf der Tournee \u00fcberdies f\u00fcr diverse Education Projekte. So gaben mehrere Orchestermusiker unentgeltlich Meisterkurse in S\u00e3o Paulo. In Rio de Janeiro wurden auf Initiative von LSO-Intendant Numa Bischof Ullmann Sch\u00fcler aus dem Programm <em>Luta pela Paz<\/em>, das die Integration von Kindern aus den Favelas fordert, in das Konzert im Teatro Municipal eingeladen. <\/span><\/p>\n<p>\u00a0<\/p>\n<p><span style=\"font-family: arial,helvetica,sans-serif; font-size: small;\">Zum Abschluss spendete das Orchester den Betrag von 10\u2018000 Dollar an das Education Project <em>Ouvir para Crescer<\/em> und erm\u00f6glicht damit ein zus\u00e4tzliches Konzert und Musikwerkstatt f\u00fcr Jugendliche im Bundestaat S\u00e3o Paulo.\u00a0<em>(cf)<\/em> <\/span><\/p>\n","protected":false},"excerpt":{"rendered":"<p><span style=\"font-family: arial,helvetica,sans-serif; font-size: small;\">23.09.2014 &#8212; In insgesamt f\u00fcnf Konzerten in Argentinien, Uruguay und Brasilien pr\u00e4sentierte sich das Luzerner Sinfonieorchester erstmals in wichtigsten Kulturmetropolen Lateinamerikas. Alle Konzerte waren sehr gut ausgelastet bis ausverkauft und die Fachpresse gab den Konzerten herausragende Besprechungen.<\/span><\/p>\n","protected":false},"author":1,"featured_media":0,"comment_status":"open","ping_status":"open","sticky":false,"template":"","format":"standard","meta":{"footnotes":""},"categories":[2],"tags":[],"class_list":["post-1742","post","type-post","status-publish","format-standard","hentry","category-nachrichten","entry"],"_links":{"self":[{"href":"https:\/\/codexflores.ch\/index.php\/wp-json\/wp\/v2\/posts\/1742","targetHints":{"allow":["GET"]}}],"collection":[{"href":"https:\/\/codexflores.ch\/index.php\/wp-json\/wp\/v2\/posts"}],"about":[{"href":"https:\/\/codexflores.ch\/index.php\/wp-json\/wp\/v2\/types\/post"}],"author":[{"embeddable":true,"href":"https:\/\/codexflores.ch\/index.php\/wp-json\/wp\/v2\/users\/1"}],"replies":[{"embeddable":true,"href":"https:\/\/codexflores.ch\/index.php\/wp-json\/wp\/v2\/comments?post=1742"}],"version-history":[{"count":0,"href":"https:\/\/codexflores.ch\/index.php\/wp-json\/wp\/v2\/posts\/1742\/revisions"}],"wp:attachment":[{"href":"https:\/\/codexflores.ch\/index.php\/wp-json\/wp\/v2\/media?parent=1742"}],"wp:term":[{"taxonomy":"category","embeddable":true,"href":"https:\/\/codexflores.ch\/index.php\/wp-json\/wp\/v2\/categories?post=1742"},{"taxonomy":"post_tag","embeddable":true,"href":"https:\/\/codexflores.ch\/index.php\/wp-json\/wp\/v2\/tags?post=1742"}],"curies":[{"name":"wp","href":"https:\/\/api.w.org\/{rel}","templated":true}]}}