{"id":1743,"date":"2014-09-23T06:11:14","date_gmt":"2014-09-23T06:11:14","guid":{"rendered":"https:\/\/codexflores.ch\/index.php\/2014\/09\/23\/repusic-wird-2016-gmd-der-staatsoper-hannover\/"},"modified":"2014-09-23T06:11:14","modified_gmt":"2014-09-23T06:11:14","slug":"repusic-wird-2016-gmd-der-staatsoper-hannover","status":"publish","type":"post","link":"https:\/\/codexflores.ch\/index.php\/2014\/09\/23\/repusic-wird-2016-gmd-der-staatsoper-hannover\/","title":{"rendered":"Repu\u0161i\u0107 wird 2016 GMD der Staatsoper Hannover"},"content":{"rendered":"<p><span style=\"font-family: arial,helvetica,sans-serif; font-size: small;\">23.09.2014 &#8212; Der kroatische Dirigent Ivan Repu\u0161i\u0107 \u00fcbernimmt zur Spielzeit 2016\/2017 die Position des Generalmusikdirektors an der Staatsoper Hannover. Er folgt auf Karen Kamensek, die seit 2011 Generalmusikdirektorin an der Staatsoper Hannover ist.<\/span><\/p>\n<p><span style=\"font-family: arial,helvetica,sans-serif; font-size: small;\"><strong>23.09.2014 &#8212; Der kroatische Dirigent Ivan Repu\u0161i\u0107 \u00fcbernimmt zur Spielzeit 2016\/2017 die Position des Generalmusikdirektors an der Staatsoper Hannover. Er folgt auf Karen Kamensek, die seit 2011 Generalmusikdirektorin an der Staatsoper Hannover ist.<\/strong><\/span><\/p>\n<p>\u00a0<\/p>\n<p><span style=\"font-size: small; font-family: arial,helvetica,sans-serif; line-height: 120%;\">Ivan Repu\u0161i\u0107 studierte Dirigieren an der Musikakademie in Zagreb bei Igor Gjadrov und Vjekoslav Sutej. Es folgten Studien bei Jorma Panula und Gianluigi Gelmetti sowie Assistenzen bei Kazushi Ono und Donald Runnicles. <span style=\"line-height: 120%;\">Seine Karriere als Dirigent startete er 2002 am Kroatischen Nationaltheater in Split, dessen Chefdirigent und Operndirektor er von 2006 bis 2008 war. <\/span><br \/><\/span><\/p>\n<p><span style=\"font-size: small; font-family: arial,helvetica,sans-serif; line-height: 120%;\">\u00a0<\/span><\/p>\n<p><span style=\"font-size: small; font-family: arial,helvetica,sans-serif; line-height: 120%;\"><span style=\"line-height: 120%;\">2006 bis 2009 leitete er zudem das Sommerfestival in Split und von 2009 bis 2012 das Sommerfestival in Dubrovnik. Seit 2005 verbindet ihn eine Freundschaft mit dem Zadar Chamber Orchestra, dessen Leiter er bis heute ist. <span style=\"line-height: 120%;\">Von 2010 bis 2013 war Ivan Repu\u0161i\u0107 bereits als 1. Kapellmeister in Hannover engagiert. <em>(cf)<\/em> <\/span><\/span> <\/span><\/p>\n<p>\u00a0<\/p>\n","protected":false},"excerpt":{"rendered":"<p><span style=\"font-family: arial,helvetica,sans-serif; font-size: small;\">23.09.2014 &#8212; Der kroatische Dirigent Ivan Repu\u0161i\u0107 \u00fcbernimmt zur Spielzeit 2016\/2017 die Position des Generalmusikdirektors an der Staatsoper Hannover. Er folgt auf Karen Kamensek, die seit 2011 Generalmusikdirektorin an der Staatsoper Hannover ist.<\/span><\/p>\n","protected":false},"author":1,"featured_media":0,"comment_status":"open","ping_status":"open","sticky":false,"template":"","format":"standard","meta":{"footnotes":""},"categories":[2],"tags":[],"class_list":["post-1743","post","type-post","status-publish","format-standard","hentry","category-nachrichten","entry"],"_links":{"self":[{"href":"https:\/\/codexflores.ch\/index.php\/wp-json\/wp\/v2\/posts\/1743","targetHints":{"allow":["GET"]}}],"collection":[{"href":"https:\/\/codexflores.ch\/index.php\/wp-json\/wp\/v2\/posts"}],"about":[{"href":"https:\/\/codexflores.ch\/index.php\/wp-json\/wp\/v2\/types\/post"}],"author":[{"embeddable":true,"href":"https:\/\/codexflores.ch\/index.php\/wp-json\/wp\/v2\/users\/1"}],"replies":[{"embeddable":true,"href":"https:\/\/codexflores.ch\/index.php\/wp-json\/wp\/v2\/comments?post=1743"}],"version-history":[{"count":0,"href":"https:\/\/codexflores.ch\/index.php\/wp-json\/wp\/v2\/posts\/1743\/revisions"}],"wp:attachment":[{"href":"https:\/\/codexflores.ch\/index.php\/wp-json\/wp\/v2\/media?parent=1743"}],"wp:term":[{"taxonomy":"category","embeddable":true,"href":"https:\/\/codexflores.ch\/index.php\/wp-json\/wp\/v2\/categories?post=1743"},{"taxonomy":"post_tag","embeddable":true,"href":"https:\/\/codexflores.ch\/index.php\/wp-json\/wp\/v2\/tags?post=1743"}],"curies":[{"name":"wp","href":"https:\/\/api.w.org\/{rel}","templated":true}]}}