{"id":1744,"date":"2014-09-23T12:35:17","date_gmt":"2014-09-23T12:35:17","guid":{"rendered":"https:\/\/codexflores.ch\/index.php\/2014\/09\/23\/helene-grimaud-sagt-europatournee-ab\/"},"modified":"2014-09-23T12:35:17","modified_gmt":"2014-09-23T12:35:17","slug":"helene-grimaud-sagt-europatournee-ab","status":"publish","type":"post","link":"https:\/\/codexflores.ch\/index.php\/2014\/09\/23\/helene-grimaud-sagt-europatournee-ab\/","title":{"rendered":"H\u00e9l\u00e8ne Grimaud sagt Konzerte ab"},"content":{"rendered":"<p><span style=\"font-family: arial,helvetica,sans-serif; font-size: small;\">23.09.2014 &#8212; Wie die Genossenschaft Konzert und Theater St.Gallen mitteilt, muss H\u00e9l\u00e8ne Grimaud aus gesundheitlichen Gr\u00fcnden die ersten Konzerte ihrer anstehende Europatournee absagen. Auch der Auftritt im Meisterzyklus in Bern wird verschoben. In Norddeutschland sollte sie ab 10. Oktober wieder auftreten.<br \/><\/span><\/p>\n<p><span style=\"font-family: arial,helvetica,sans-serif; font-size: small;\"><strong>23.09.2014 &#8212; <span style=\"font-family: arial,helvetica,sans-serif; font-size: small;\">Wie die Genossenschaft Konzert und Theater St.Gallen mitteilt, muss H\u00e9l\u00e8ne Grimaud aus gesundheitlichen Gr\u00fcnden die ersten Konzerte ihrer anstehende Europatournee absagen. Auch der Auftritt im Meisterzyklus in Bern wird verschoben. In Norddeutschland sollte sie ab 10. Oktober wieder auftreten.<\/span><br \/><\/strong><\/span><\/p>\n<p><span style=\"font-family: arial,helvetica,sans-serif; font-size: small;\">\u00a0<\/span><\/p>\n<p><span style=\"font-family: arial,helvetica,sans-serif; font-size: small;\">Von der Absage betroffen ist namentlich das 1. Meisterzyklus-Konzert mit Grimauds Klavierrezital am 3. Oktober 2014 in der Tonhalle St. Gallen. F\u00fcr das abgesagte Konzert gibt es bereits einen Ersatztermin. Die Pianistin wird am Sonntag, den 31. Mai 2015 um 19 Uhr in der Tonhalle das Konzert nachholen. Das Konzert im Rahmen des Meisterzyklus vom 7. Oktober 2014 im Kulturcasino Bern findet neu am 11. November 2014 statt.<br \/><\/span><\/p>\n<p>\u00a0<\/p>\n<p><span style=\"font-family: arial,helvetica,sans-serif; font-size: small;\"><em>Anm:<\/em> Eine urspr\u00fcnglich vom Theater St. Gallen verschickte Mitteilung vermeldete, dass die Pianistin ihre ganze Europatournee absagen m\u00fcsse. Die Veranstalter der Konzerte in Norddeutschland zwischen dem 10. und 15. Oktober 2014 erkl\u00e4ren hingegen, dass diese Auftritte ausdr\u00fccklich best\u00e4tigt sind.<em> (cf)<\/em><\/span><\/p>\n<p>\u00a0<\/p>\n","protected":false},"excerpt":{"rendered":"<p><span style=\"font-family: arial,helvetica,sans-serif; font-size: small;\">23.09.2014 &#8212; Wie die Genossenschaft Konzert und Theater St.Gallen mitteilt, muss H\u00e9l\u00e8ne Grimaud aus gesundheitlichen Gr\u00fcnden die ersten Konzerte ihrer anstehende Europatournee absagen. Auch der Auftritt im Meisterzyklus in Bern wird verschoben. In Norddeutschland sollte sie ab 10. Oktober wieder auftreten.<br \/><\/span><\/p>\n","protected":false},"author":1,"featured_media":0,"comment_status":"open","ping_status":"open","sticky":false,"template":"","format":"standard","meta":{"footnotes":""},"categories":[2],"tags":[],"class_list":["post-1744","post","type-post","status-publish","format-standard","hentry","category-nachrichten","entry"],"_links":{"self":[{"href":"https:\/\/codexflores.ch\/index.php\/wp-json\/wp\/v2\/posts\/1744","targetHints":{"allow":["GET"]}}],"collection":[{"href":"https:\/\/codexflores.ch\/index.php\/wp-json\/wp\/v2\/posts"}],"about":[{"href":"https:\/\/codexflores.ch\/index.php\/wp-json\/wp\/v2\/types\/post"}],"author":[{"embeddable":true,"href":"https:\/\/codexflores.ch\/index.php\/wp-json\/wp\/v2\/users\/1"}],"replies":[{"embeddable":true,"href":"https:\/\/codexflores.ch\/index.php\/wp-json\/wp\/v2\/comments?post=1744"}],"version-history":[{"count":0,"href":"https:\/\/codexflores.ch\/index.php\/wp-json\/wp\/v2\/posts\/1744\/revisions"}],"wp:attachment":[{"href":"https:\/\/codexflores.ch\/index.php\/wp-json\/wp\/v2\/media?parent=1744"}],"wp:term":[{"taxonomy":"category","embeddable":true,"href":"https:\/\/codexflores.ch\/index.php\/wp-json\/wp\/v2\/categories?post=1744"},{"taxonomy":"post_tag","embeddable":true,"href":"https:\/\/codexflores.ch\/index.php\/wp-json\/wp\/v2\/tags?post=1744"}],"curies":[{"name":"wp","href":"https:\/\/api.w.org\/{rel}","templated":true}]}}