{"id":1745,"date":"2014-09-24T06:05:09","date_gmt":"2014-09-24T06:05:09","guid":{"rendered":"https:\/\/codexflores.ch\/index.php\/2014\/09\/24\/bilanz-des-musikfestes-erzgebirge-2014\/"},"modified":"2014-09-24T06:05:09","modified_gmt":"2014-09-24T06:05:09","slug":"bilanz-des-musikfestes-erzgebirge-2014","status":"publish","type":"post","link":"https:\/\/codexflores.ch\/index.php\/2014\/09\/24\/bilanz-des-musikfestes-erzgebirge-2014\/","title":{"rendered":"Bilanz des Musikfestes Erzgebirge 2014"},"content":{"rendered":"<p><span style=\"font-family: arial,helvetica,sans-serif; font-size: small;\">24.09.2014 &#8212; \u00dcber 7500 Eintritte haben die 13 Veranstaltungen an zw\u00f6lf Spielorten des Musikfestes Erzgebirge in der s\u00fcd\u00f6stlichsten Ecke Deutschlands an der Grenze zur Tschechischen Republik generiert.\u00a0 Die Auslastung der Konzertreihe betrug \u00fcber 90 Prozent.<\/span><\/p>\n<p><span style=\"font-family: arial,helvetica,sans-serif; font-size: small;\"><strong>24.09.2014 &#8212; \u00dcber 7500 Eintritte haben die 13 Veranstaltungen an zw\u00f6lf Spielorten des Musikfestes Erzgebirge in der s\u00fcd\u00f6stlichsten Ecke Deutschlands an der Grenze zur Tschechischen Republik generiert.\u00a0 Die Auslastung der Konzertreihe betrug \u00fcber 90 Prozent.<\/strong><\/span><\/p>\n<p><span style=\"font-family: arial,helvetica,sans-serif; font-size: small;\">\u00a0<\/span><\/p>\n<p><span style=\"font-family: arial,helvetica,sans-serif; font-size: small;\">Zu erleben waren dieses Jahr Dirigenten wie V\u00e1clav Luks, Helmuth Rilling oder Masaaki Suzuki sowie Ensembles wie der Dresdner Kammerchor, das Pera Ensemble mit dem Dresdner Barockorchester, der RIAS Kammerchor und die S\u00e4chsische Staatskapelle. <\/span><\/p>\n<p>\u00a0<\/p>\n<p><span style=\"font-family: arial,helvetica,sans-serif; font-size: small;\">Neue Konzertformate wie das Nach(T)klang-Konzert, bei dem sich drei Ensembles musikalisch um eine CD-Produktion durch Deutschlandradio Kultur bewarben, das grosse Erzgebirgische S\u00e4ngerfest, aber auch neue Familienkonzerte im Rahmen eines Jungen Musikfestes waren laut den Veranstaltern Publikumserfolge.<\/span><\/p>\n<p><span style=\"font-family: arial,helvetica,sans-serif; font-size: small;\">\u00a0<\/span><\/p>\n<p><span style=\"font-family: arial,helvetica,sans-serif; font-size: small;\">Die n\u00e4chsten Grossanl\u00e4sse in der Gegend sind die 21. Silbermann-Tagn vom 2. bis 13. September 2015 und das Musikfest Erzgebirge vom 9. bis 18. September 2016. <em>(cf)<\/em><\/span><\/p>\n<p>\u00a0<\/p>\n","protected":false},"excerpt":{"rendered":"<p><span style=\"font-family: arial,helvetica,sans-serif; font-size: small;\">24.09.2014 &#8212; \u00dcber 7500 Eintritte haben die 13 Veranstaltungen an zw\u00f6lf Spielorten des Musikfestes Erzgebirge in der s\u00fcd\u00f6stlichsten Ecke Deutschlands an der Grenze zur Tschechischen Republik generiert.\u00a0 Die Auslastung der Konzertreihe betrug \u00fcber 90 Prozent.<\/span><\/p>\n","protected":false},"author":1,"featured_media":0,"comment_status":"open","ping_status":"open","sticky":false,"template":"","format":"standard","meta":{"footnotes":""},"categories":[2],"tags":[],"class_list":["post-1745","post","type-post","status-publish","format-standard","hentry","category-nachrichten","entry"],"_links":{"self":[{"href":"https:\/\/codexflores.ch\/index.php\/wp-json\/wp\/v2\/posts\/1745","targetHints":{"allow":["GET"]}}],"collection":[{"href":"https:\/\/codexflores.ch\/index.php\/wp-json\/wp\/v2\/posts"}],"about":[{"href":"https:\/\/codexflores.ch\/index.php\/wp-json\/wp\/v2\/types\/post"}],"author":[{"embeddable":true,"href":"https:\/\/codexflores.ch\/index.php\/wp-json\/wp\/v2\/users\/1"}],"replies":[{"embeddable":true,"href":"https:\/\/codexflores.ch\/index.php\/wp-json\/wp\/v2\/comments?post=1745"}],"version-history":[{"count":0,"href":"https:\/\/codexflores.ch\/index.php\/wp-json\/wp\/v2\/posts\/1745\/revisions"}],"wp:attachment":[{"href":"https:\/\/codexflores.ch\/index.php\/wp-json\/wp\/v2\/media?parent=1745"}],"wp:term":[{"taxonomy":"category","embeddable":true,"href":"https:\/\/codexflores.ch\/index.php\/wp-json\/wp\/v2\/categories?post=1745"},{"taxonomy":"post_tag","embeddable":true,"href":"https:\/\/codexflores.ch\/index.php\/wp-json\/wp\/v2\/tags?post=1745"}],"curies":[{"name":"wp","href":"https:\/\/api.w.org\/{rel}","templated":true}]}}