{"id":1746,"date":"2014-09-24T06:15:30","date_gmt":"2014-09-24T06:15:30","guid":{"rendered":"https:\/\/codexflores.ch\/index.php\/2014\/09\/24\/saisonauftakt-im-gare-du-nord-mit-lysistrata\/"},"modified":"2014-09-24T06:15:30","modified_gmt":"2014-09-24T06:15:30","slug":"saisonauftakt-im-gare-du-nord-mit-lysistrata","status":"publish","type":"post","link":"https:\/\/codexflores.ch\/index.php\/2014\/09\/24\/saisonauftakt-im-gare-du-nord-mit-lysistrata\/","title":{"rendered":"Saisonauftakt im Gare du Nord mit \u00abLysistrata\u00bb"},"content":{"rendered":"<p><span style=\"font-family: arial,helvetica,sans-serif; font-size: small;\">24.09.2014 &#8212; Der Gare du Nord er\u00f6ffnet die neue Spielzeit mit dem Kammeropernabend \u00abLysistrata\u00bb von Kaspar Ewald und J\u0113kabs N\u012bmanis in der Schweizer Erstauff\u00fchrung. Ensemble der Saison ist das Ensemble Nikel, zudem gibt es eine Kammermusikreihe in Zusammenarbeit mit dem Sinfonieorchester Basel.<\/span><\/p>\n<p><span style=\"font-family: arial,helvetica,sans-serif; font-size: small;\"><strong>24.09.2014 &#8212; Der Gare du Nord er\u00f6ffnet die neue Spielzeit mit dem Kammeropernabend \u00abLysistrata\u00bb von Kaspar Ewald und J\u0113kabs N\u012bmanis in der Schweizer Erstauff\u00fchrung. Ensemble der Saison ist das Ensemble Nikel, zudem gibt es eine Kammermusikreihe in Zusammenarbeit mit dem Sinfonieorchester Basel.<\/strong><\/span><\/p>\n<p><span style=\"font-family: arial,helvetica,sans-serif; font-size: small;\">\u00a0<\/span><\/p>\n<p><span style=\"font-family: arial,helvetica,sans-serif; font-size: small;\">Inspiriert von Aristophanes&#8216; gleichnamigem Werk werden in der schweizerisch-lettischen \u00abLysistrata\u00bb-Koproduktion mit Kompositionen vom Schweizer Ewald und dem Letten N\u012bmanis zwei verschiedene Perspektiven der Thematik \u00abFrauen und Krieg\u00bb pr\u00e4sentiert: eine satirische und eine dramatische. Das Vokalensemble Putni, ein schweizerisch-lettisches Kammerorchester und die Schweizer Sopranistin Jeannine Hirzel, die in beiden Teilen die Rolle der Lysistrata verk\u00f6rpert, tragen diesen grenz\u00fcberschreitenden Kammeropernabend.<\/span><\/p>\n<p><span style=\"font-family: arial,helvetica,sans-serif; font-size: small;\">\u00a0<\/span><\/p>\n<p><span style=\"font-family: arial,helvetica,sans-serif; font-size: small;\">Das Ensemble Nikel \u2013 bestehend aus vier Musikern mit vier unterschiedlichen Nationalit\u00e4ten (Schweiz, Deutschland, Amerika und Israel) \u2013 spielt im Laufe der Saison in seiner Konzertreihe \u00abThe Present Age\u00bb internationale Highlights der Neuen Musik des 21. Jahrhunderts.<\/span><\/p>\n<p><span style=\"font-family: arial,helvetica,sans-serif; font-size: small;\">\u00a0<\/span><\/p>\n<p><span style=\"font-family: arial,helvetica,sans-serif; font-size: small;\">In der neuen Reihe \u00abPromenaden\u00bb pr\u00e4sentiert der Gare du Nord drei Sonntagsmatineen zum musikalischen Lustwandeln: Mitglieder des Sinfonieorchesters Basel spielen Klassiker gross besetzter Kammermusik. Die Konzerte bilden eine thematische Verbindung zu den Sinfoniekonzerten, die in der jeweils darauffolgenden Woche im Stadtcasino stattfinden.<\/span><\/p>\n<p><span style=\"font-family: arial,helvetica,sans-serif; font-size: small;\">\u00a0<\/span><\/p>\n<p><span style=\"font-family: arial,helvetica,sans-serif; font-size: small;\">Ein neues Vermittlungsangebot namens \u00abMittendrin\u00bb wiederum wendet sich an Schulklassen, die einen Einblick in musikalische Proben sowie Kompositions- und Arbeitsweisen erhalten wollen. <em>(cf)\u00a0<\/em> <\/span><\/p>\n<p>\u00a0<\/p>\n<p><span style=\"font-family: arial,helvetica,sans-serif; font-size: small;\">Das ganze Programm: <a href=\"http:\/\/www.garedunord.ch\" target=\"_blank\" rel=\"noopener noreferrer\">www.garedunord.ch<\/a><\/span><\/p>\n<p><span style=\"font-family: arial,helvetica,sans-serif; font-size: small;\">\u00a0<\/span><\/p>\n<p>\u00a0<\/p>\n<p>\u00a0<\/p>\n","protected":false},"excerpt":{"rendered":"<p><span style=\"font-family: arial,helvetica,sans-serif; font-size: small;\">24.09.2014 &#8212; Der Gare du Nord er\u00f6ffnet die neue Spielzeit mit dem Kammeropernabend \u00abLysistrata\u00bb von Kaspar Ewald und J\u0113kabs N\u012bmanis in der Schweizer Erstauff\u00fchrung. Ensemble der Saison ist das Ensemble Nikel, zudem gibt es eine Kammermusikreihe in Zusammenarbeit mit dem Sinfonieorchester Basel.<\/span><\/p>\n","protected":false},"author":1,"featured_media":0,"comment_status":"open","ping_status":"open","sticky":false,"template":"","format":"standard","meta":{"footnotes":""},"categories":[2],"tags":[],"class_list":["post-1746","post","type-post","status-publish","format-standard","hentry","category-nachrichten","entry"],"_links":{"self":[{"href":"https:\/\/codexflores.ch\/index.php\/wp-json\/wp\/v2\/posts\/1746","targetHints":{"allow":["GET"]}}],"collection":[{"href":"https:\/\/codexflores.ch\/index.php\/wp-json\/wp\/v2\/posts"}],"about":[{"href":"https:\/\/codexflores.ch\/index.php\/wp-json\/wp\/v2\/types\/post"}],"author":[{"embeddable":true,"href":"https:\/\/codexflores.ch\/index.php\/wp-json\/wp\/v2\/users\/1"}],"replies":[{"embeddable":true,"href":"https:\/\/codexflores.ch\/index.php\/wp-json\/wp\/v2\/comments?post=1746"}],"version-history":[{"count":0,"href":"https:\/\/codexflores.ch\/index.php\/wp-json\/wp\/v2\/posts\/1746\/revisions"}],"wp:attachment":[{"href":"https:\/\/codexflores.ch\/index.php\/wp-json\/wp\/v2\/media?parent=1746"}],"wp:term":[{"taxonomy":"category","embeddable":true,"href":"https:\/\/codexflores.ch\/index.php\/wp-json\/wp\/v2\/categories?post=1746"},{"taxonomy":"post_tag","embeddable":true,"href":"https:\/\/codexflores.ch\/index.php\/wp-json\/wp\/v2\/tags?post=1746"}],"curies":[{"name":"wp","href":"https:\/\/api.w.org\/{rel}","templated":true}]}}