{"id":1749,"date":"2014-09-25T06:28:22","date_gmt":"2014-09-25T06:28:22","guid":{"rendered":"https:\/\/codexflores.ch\/index.php\/2014\/09\/25\/auch-die-oper-von-neapel-verliert-den-musikdirektor\/"},"modified":"2014-09-25T06:28:22","modified_gmt":"2014-09-25T06:28:22","slug":"auch-die-oper-von-neapel-verliert-den-musikdirektor","status":"publish","type":"post","link":"https:\/\/codexflores.ch\/index.php\/2014\/09\/25\/auch-die-oper-von-neapel-verliert-den-musikdirektor\/","title":{"rendered":"Auch die Oper von Neapel verliert den Musikdirektor"},"content":{"rendered":"<p><span style=\"font-family: arial,helvetica,sans-serif; font-size: small;\">25.09.2014 &#8212; Der Exodus der Operndirektoren geht weiter: Auch das neapolitanische Teatro di San Carlo steht ohne musikalischen Leiter da: Nicola Luisotti hat sein Amt niedergelegt.<\/span><\/p>\n<p><span style=\"font-family: arial,helvetica,sans-serif; font-size: small;\"><strong>25.09.2014 &#8212; Der Exodus der Operndirektoren geht weiter: Auch das neapolitanische Teatro di San Carlo steht ohne musikalischen Leiter da: Nicola Luisotti hat sein Amt niedergelegt.<\/strong><\/span><\/p>\n<p><span style=\"font-family: arial,helvetica,sans-serif; font-size: small;\">\u00a0<\/span><\/p>\n<p><span style=\"font-family: arial,helvetica,sans-serif; font-size: small;\">Laut einer Meldung der italienischen Nachrichtenagentur ANSA gibt der Dirigent f\u00fcr seinen Schritt als Grund an, er habe keine M\u00f6glchkeit gefundne, siuch dem Haus in gew\u00fcnschter Weise widmen zu k\u00f6nnen. Das neapolitanische Opernhaus, das 2010 nach einer Renovation wieder er\u00f6ffnet worden ist, hat bereits eine Vakanz in der Leitung des Balletts. <em>(cf)<\/em><\/span><\/p>\n","protected":false},"excerpt":{"rendered":"<p><span style=\"font-family: arial,helvetica,sans-serif; font-size: small;\">25.09.2014 &#8212; Der Exodus der Operndirektoren geht weiter: Auch das neapolitanische Teatro di San Carlo steht ohne musikalischen Leiter da: Nicola Luisotti hat sein Amt niedergelegt.<\/span><\/p>\n","protected":false},"author":1,"featured_media":0,"comment_status":"open","ping_status":"open","sticky":false,"template":"","format":"standard","meta":{"footnotes":""},"categories":[2],"tags":[],"class_list":["post-1749","post","type-post","status-publish","format-standard","hentry","category-nachrichten","entry"],"_links":{"self":[{"href":"https:\/\/codexflores.ch\/index.php\/wp-json\/wp\/v2\/posts\/1749","targetHints":{"allow":["GET"]}}],"collection":[{"href":"https:\/\/codexflores.ch\/index.php\/wp-json\/wp\/v2\/posts"}],"about":[{"href":"https:\/\/codexflores.ch\/index.php\/wp-json\/wp\/v2\/types\/post"}],"author":[{"embeddable":true,"href":"https:\/\/codexflores.ch\/index.php\/wp-json\/wp\/v2\/users\/1"}],"replies":[{"embeddable":true,"href":"https:\/\/codexflores.ch\/index.php\/wp-json\/wp\/v2\/comments?post=1749"}],"version-history":[{"count":0,"href":"https:\/\/codexflores.ch\/index.php\/wp-json\/wp\/v2\/posts\/1749\/revisions"}],"wp:attachment":[{"href":"https:\/\/codexflores.ch\/index.php\/wp-json\/wp\/v2\/media?parent=1749"}],"wp:term":[{"taxonomy":"category","embeddable":true,"href":"https:\/\/codexflores.ch\/index.php\/wp-json\/wp\/v2\/categories?post=1749"},{"taxonomy":"post_tag","embeddable":true,"href":"https:\/\/codexflores.ch\/index.php\/wp-json\/wp\/v2\/tags?post=1749"}],"curies":[{"name":"wp","href":"https:\/\/api.w.org\/{rel}","templated":true}]}}