{"id":1758,"date":"2014-09-30T06:32:52","date_gmt":"2014-09-30T06:32:52","guid":{"rendered":"https:\/\/codexflores.ch\/index.php\/2014\/09\/30\/machtkaempfe-bei-radio-france\/"},"modified":"2014-09-30T06:32:52","modified_gmt":"2014-09-30T06:32:52","slug":"machtkaempfe-bei-radio-france","status":"publish","type":"post","link":"https:\/\/codexflores.ch\/index.php\/2014\/09\/30\/machtkaempfe-bei-radio-france\/","title":{"rendered":"Machtk\u00e4mpfe bei Radio France"},"content":{"rendered":"<p><span style=\"font-family: arial,helvetica,sans-serif; font-size: small;\">30.09.2014 &#8212; Beim Orchestre philarmonique de Radio France wird nach einer Ank\u00fcndigung der Gewerkschaften Sud und CGT am 3. Oktober gestreikt. Zum Opfer f\u00e4llt der Massnahme ein Konzert im Salle Pleyel. Protestiert wird gegen die Umst\u00e4nde beim Abgang des k\u00fcnstlerischen Leiters des Kultursenders.<\/span><\/p>\n<p><span style=\"font-family: arial,helvetica,sans-serif; font-size: small;\"><strong>30.09.2014 &#8212; Beim Orchestre philarmonique de Radio France wird nach einer Ank\u00fcndigung der Gewerkschaften Sud und CGT am 3. Oktober gestreikt. Zum Opfer f\u00e4llt <span style=\"font-family: arial,helvetica,sans-serif; font-size: small;\">der Massnahme <\/span>ein Konzert im Salle Pleyel. Protestiert wird gegen die Umst\u00e4nde beim Abgang des k\u00fcnstlerischen Leiters des Kultursenders.<\/strong><\/span><\/p>\n<p><span style=\"font-family: arial,helvetica,sans-serif; font-size: small;\">\u00a0<\/span><\/p>\n<p><span style=\"font-family: arial,helvetica,sans-serif; font-size: small;\">Das Orchester bef\u00fcrchtet einen Abbau an administrativen und k\u00fcnstlerischen Ressorucen bei Radio France und verlangt, dass sowohl der Posten des k\u00fcnstlerischen Direktors als auch diejenigen von Musikvermittlung, Kommunikation und weiteren Funktionen im Dienste des Ensembles gesichert werden.<\/span><\/p>\n<p><span style=\"font-family: arial,helvetica,sans-serif; font-size: small;\">\u00a0<\/span><\/p>\n<p><span style=\"font-family: arial,helvetica,sans-serif; font-size: small;\">W\u00f6rtlich protestiert das Orchester gegen die \u00abvon der neuen Leitung von Radio France eingesetzten brutalen Methoden, die den k\u00fcnstlerischen Leiter Eric Montalbetti zur Demission gezwungen haben\u00bb, wie das Fachmagazin <em>Resmusica<\/em> schreibt. <em>(cf)\u00a0<\/em> <\/span><\/p>\n<p><span style=\"font-family: arial,helvetica,sans-serif; font-size: small;\">\u00a0<\/span><\/p>\n","protected":false},"excerpt":{"rendered":"<p><span style=\"font-family: arial,helvetica,sans-serif; font-size: small;\">30.09.2014 &#8212; Beim Orchestre philarmonique de Radio France wird nach einer Ank\u00fcndigung der Gewerkschaften Sud und CGT am 3. Oktober gestreikt. Zum Opfer f\u00e4llt der Massnahme ein Konzert im Salle Pleyel. Protestiert wird gegen die Umst\u00e4nde beim Abgang des k\u00fcnstlerischen Leiters des Kultursenders.<\/span><\/p>\n","protected":false},"author":1,"featured_media":0,"comment_status":"open","ping_status":"open","sticky":false,"template":"","format":"standard","meta":{"footnotes":""},"categories":[2],"tags":[],"class_list":["post-1758","post","type-post","status-publish","format-standard","hentry","category-nachrichten","entry"],"_links":{"self":[{"href":"https:\/\/codexflores.ch\/index.php\/wp-json\/wp\/v2\/posts\/1758","targetHints":{"allow":["GET"]}}],"collection":[{"href":"https:\/\/codexflores.ch\/index.php\/wp-json\/wp\/v2\/posts"}],"about":[{"href":"https:\/\/codexflores.ch\/index.php\/wp-json\/wp\/v2\/types\/post"}],"author":[{"embeddable":true,"href":"https:\/\/codexflores.ch\/index.php\/wp-json\/wp\/v2\/users\/1"}],"replies":[{"embeddable":true,"href":"https:\/\/codexflores.ch\/index.php\/wp-json\/wp\/v2\/comments?post=1758"}],"version-history":[{"count":0,"href":"https:\/\/codexflores.ch\/index.php\/wp-json\/wp\/v2\/posts\/1758\/revisions"}],"wp:attachment":[{"href":"https:\/\/codexflores.ch\/index.php\/wp-json\/wp\/v2\/media?parent=1758"}],"wp:term":[{"taxonomy":"category","embeddable":true,"href":"https:\/\/codexflores.ch\/index.php\/wp-json\/wp\/v2\/categories?post=1758"},{"taxonomy":"post_tag","embeddable":true,"href":"https:\/\/codexflores.ch\/index.php\/wp-json\/wp\/v2\/tags?post=1758"}],"curies":[{"name":"wp","href":"https:\/\/api.w.org\/{rel}","templated":true}]}}