{"id":1759,"date":"2014-09-30T06:46:13","date_gmt":"2014-09-30T06:46:13","guid":{"rendered":"https:\/\/codexflores.ch\/index.php\/2014\/09\/30\/bayerische-staatsoper-ist-opernhaus-des-jahres\/"},"modified":"2014-09-30T06:46:13","modified_gmt":"2014-09-30T06:46:13","slug":"bayerische-staatsoper-ist-opernhaus-des-jahres","status":"publish","type":"post","link":"https:\/\/codexflores.ch\/index.php\/2014\/09\/30\/bayerische-staatsoper-ist-opernhaus-des-jahres\/","title":{"rendered":"Bayerische Staatsoper ist Opernhaus des Jahres"},"content":{"rendered":"<p>30.09.2014 &#8212; Die Bayerische Staatsoper in M\u00fcnchen ist Opernhaus des Jahres 2014. Das ergab die Umfrage der Zeitschrift \u00abOpernwelt\u00bb unter f\u00fcnfzig unabh\u00e4ngigen Musikkritikern in Europa und den USA.<\/p>\n<p><strong>30.09.2014 &#8212; Die Bayerische Staatsoper in M\u00fcnchen ist Opernhaus des Jahres 2014. Das ergab die Umfrage der Zeitschrift \u00abOpernwelt\u00bb unter f\u00fcnfzig unabh\u00e4ngigen Musikkritikern in Europa und den USA.<\/strong><\/p>\n<p>\u00a0<\/p>\n<p>Regisseur des Jahres ist Romeo Castellucci. F\u00fcr die Wiener Festwochen und das Th\u00e9\u00e2tre de la Monnaie in Br\u00fcssel habe er\u00a0 \u00abdie vielleicht radikalste Operninszenierung der Spielzeit 2013\/14\u00bb geschaffen: Christoph Willibald Glucks \u00abOrpheus und Eurydike\u00bb als theatralische Nahtod-Erfahrung. \u00a0<\/p>\n<p>\u00a0<\/p>\n<p>Zum H\u00f6henflug der Bayerischen Staatsoper habe massgeblich der neue Generalmusikdirektor Kirill Petrenko beigetragen, schreibt \u00abOpernwelt\u00bb. F\u00fcr seine erste Saison als GMD und f\u00fcr sein Dirigat von Richard Wagners \u00abDer Ring des Nibelungen\u00bb in Bayreuth wurde Petrenko zum Dirigenten des Jahres gew\u00e4hlt. Orchester des Jahres ist das Bayerische Staatsorchester.<\/p>\n<p>\u00a0<\/p>\n<p>Urauff\u00fchrung des Jahres ist Adriana H\u00f6lszkys Dostojewski-Oper \u00abB\u00f6se Geister\u00bb, ein Auftragswerk des Nationaltheaters Mannheim. Der Chor des Nationaltheaters Mannheim ist zudem Chor des Jahres. <em>(cf)<\/em><\/p>\n<p><em>\u00a0<\/em><\/p>\n<p><strong>Die vollst\u00e4ndige Liste: <\/strong><a href=\"http:\/\/www.kultiversum.de\/Opernwelt\/Kritikerumfrage-2014.html\">www.kultiversum.de\/Opernwelt\/Kritikerumfrage-2014.html<\/a><em><br \/><\/em><\/p>\n","protected":false},"excerpt":{"rendered":"<p>30.09.2014 &#8212; Die Bayerische Staatsoper in M\u00fcnchen ist Opernhaus des Jahres 2014. Das ergab die Umfrage der Zeitschrift \u00abOpernwelt\u00bb unter f\u00fcnfzig unabh\u00e4ngigen Musikkritikern in Europa und den USA.<\/p>\n","protected":false},"author":1,"featured_media":0,"comment_status":"open","ping_status":"open","sticky":false,"template":"","format":"standard","meta":{"footnotes":""},"categories":[2],"tags":[],"class_list":["post-1759","post","type-post","status-publish","format-standard","hentry","category-nachrichten","entry"],"_links":{"self":[{"href":"https:\/\/codexflores.ch\/index.php\/wp-json\/wp\/v2\/posts\/1759","targetHints":{"allow":["GET"]}}],"collection":[{"href":"https:\/\/codexflores.ch\/index.php\/wp-json\/wp\/v2\/posts"}],"about":[{"href":"https:\/\/codexflores.ch\/index.php\/wp-json\/wp\/v2\/types\/post"}],"author":[{"embeddable":true,"href":"https:\/\/codexflores.ch\/index.php\/wp-json\/wp\/v2\/users\/1"}],"replies":[{"embeddable":true,"href":"https:\/\/codexflores.ch\/index.php\/wp-json\/wp\/v2\/comments?post=1759"}],"version-history":[{"count":0,"href":"https:\/\/codexflores.ch\/index.php\/wp-json\/wp\/v2\/posts\/1759\/revisions"}],"wp:attachment":[{"href":"https:\/\/codexflores.ch\/index.php\/wp-json\/wp\/v2\/media?parent=1759"}],"wp:term":[{"taxonomy":"category","embeddable":true,"href":"https:\/\/codexflores.ch\/index.php\/wp-json\/wp\/v2\/categories?post=1759"},{"taxonomy":"post_tag","embeddable":true,"href":"https:\/\/codexflores.ch\/index.php\/wp-json\/wp\/v2\/tags?post=1759"}],"curies":[{"name":"wp","href":"https:\/\/api.w.org\/{rel}","templated":true}]}}