{"id":1760,"date":"2014-10-01T06:02:44","date_gmt":"2014-10-01T06:02:44","guid":{"rendered":"https:\/\/codexflores.ch\/index.php\/2014\/10\/01\/fuehrungswechsel-an-der-kunstuni-graz\/"},"modified":"2014-10-01T06:02:44","modified_gmt":"2014-10-01T06:02:44","slug":"fuehrungswechsel-an-der-kunstuni-graz","status":"publish","type":"post","link":"https:\/\/codexflores.ch\/index.php\/2014\/10\/01\/fuehrungswechsel-an-der-kunstuni-graz\/","title":{"rendered":"F\u00fchrungswechsel an der Kunstuni Graz"},"content":{"rendered":"<p><span style=\"font-family: arial,helvetica,sans-serif; font-size: small;\">01.10.2014 &#8212; Die Kunstuniversit\u00e4t Graz (KUG) wird ab heute von Elisabeth Freismuth geleitet. Erstmals in der Geschichte steht damit eine Frau an der Spitze der Universit\u00e4t. Sie folgt auf Robert H\u00f6ldrich, der die KUG interimistisch leitete.<\/span><\/p>\n<p><span style=\"font-family: arial,helvetica,sans-serif; font-size: small;\"><strong>01.10.2014 &#8212; Die Kunstuniversit\u00e4t Graz (KUG) wird ab heute von Elisabeth Freismuth geleitet. Erstmals in der Geschichte steht damit eine Frau an der Spitze der Universit\u00e4t. Sie folgt auf Robert H\u00f6ldrich, der die KUG interimistisch leitete.<\/strong><\/span><\/p>\n<p><span style=\"font-family: arial,helvetica,sans-serif; font-size: small;\">\u00a0<\/span><\/p>\n<p><span style=\"font-family: arial,helvetica,sans-serif; font-size: small;\">Mit Freismuths Amtsantritt endet eine schwierige Phase in der Leitung der KUG. 2010 hat der damalige Rektor Georg Schulz ein Votum f\u00fcr seine Wiederwahl erhalten, im Senat daf\u00fcr aber nicht die n\u00f6tige Zweidrittel-Mehrheit erreicht. Daraufhin gab es eine Ausschreibung, und Schulz wurde in einem Dreiervorschlag nicht mehr ber\u00fccksichtigt. Nach juristischen Wirren wurde der Deutsche Frank-Thomas Mitschke zum Rektor ernannt; allerdings trat er das Amt nicht an.<\/span><\/p>\n<p><span style=\"font-family: arial,helvetica,sans-serif; font-size: small;\">\u00a0<\/span><\/p>\n<p><span style=\"font-family: arial,helvetica,sans-serif; font-size: small;\">Die geb\u00fcrtige Wienerin Elisabeth Freismuth studierte Jus, Geschichte und Kunstgeschichte an der Universit\u00e4t Wien. Ab 1990 arbeitete sie als Rektoratsdirektorin an der Universit\u00e4t f\u00fcr Musik und darstellende Kunst Wien. Seit 2008 stand sie der Sektion VI im Bundesministerium f\u00fcr Wissenschaft, Forschung und Wirtschaft vor. Im April dieses Jahres wurde Elisabeth Freismuth aus einem Dreiervorschlag des Senats zur Rektorin der KUG gew\u00e4hlt.\u00a0 <em>(cf)<\/em><\/span><\/p>\n<p>\u00a0<\/p>\n","protected":false},"excerpt":{"rendered":"<p><span style=\"font-family: arial,helvetica,sans-serif; font-size: small;\">01.10.2014 &#8212; Die Kunstuniversit\u00e4t Graz (KUG) wird ab heute von Elisabeth Freismuth geleitet. Erstmals in der Geschichte steht damit eine Frau an der Spitze der Universit\u00e4t. Sie folgt auf Robert H\u00f6ldrich, der die KUG interimistisch leitete.<\/span><\/p>\n","protected":false},"author":1,"featured_media":0,"comment_status":"open","ping_status":"open","sticky":false,"template":"","format":"standard","meta":{"footnotes":""},"categories":[2],"tags":[],"class_list":["post-1760","post","type-post","status-publish","format-standard","hentry","category-nachrichten","entry"],"_links":{"self":[{"href":"https:\/\/codexflores.ch\/index.php\/wp-json\/wp\/v2\/posts\/1760","targetHints":{"allow":["GET"]}}],"collection":[{"href":"https:\/\/codexflores.ch\/index.php\/wp-json\/wp\/v2\/posts"}],"about":[{"href":"https:\/\/codexflores.ch\/index.php\/wp-json\/wp\/v2\/types\/post"}],"author":[{"embeddable":true,"href":"https:\/\/codexflores.ch\/index.php\/wp-json\/wp\/v2\/users\/1"}],"replies":[{"embeddable":true,"href":"https:\/\/codexflores.ch\/index.php\/wp-json\/wp\/v2\/comments?post=1760"}],"version-history":[{"count":0,"href":"https:\/\/codexflores.ch\/index.php\/wp-json\/wp\/v2\/posts\/1760\/revisions"}],"wp:attachment":[{"href":"https:\/\/codexflores.ch\/index.php\/wp-json\/wp\/v2\/media?parent=1760"}],"wp:term":[{"taxonomy":"category","embeddable":true,"href":"https:\/\/codexflores.ch\/index.php\/wp-json\/wp\/v2\/categories?post=1760"},{"taxonomy":"post_tag","embeddable":true,"href":"https:\/\/codexflores.ch\/index.php\/wp-json\/wp\/v2\/tags?post=1760"}],"curies":[{"name":"wp","href":"https:\/\/api.w.org\/{rel}","templated":true}]}}