{"id":1764,"date":"2014-10-01T11:13:31","date_gmt":"2014-10-01T11:13:31","guid":{"rendered":"https:\/\/codexflores.ch\/index.php\/2014\/10\/01\/musikforum-heft-3-juli-september-2014\/"},"modified":"2014-10-01T11:13:31","modified_gmt":"2014-10-01T11:13:31","slug":"musikforum-heft-3-juli-september-2014","status":"publish","type":"post","link":"https:\/\/codexflores.ch\/index.php\/2014\/10\/01\/musikforum-heft-3-juli-september-2014\/","title":{"rendered":"Musikforum  Heft 3 (Juli\u2013September 2014)"},"content":{"rendered":"<p><span style=\"font-family: arial,helvetica,sans-serif; font-size: small;\"><img loading=\"lazy\" decoding=\"async\" src=\"images\/zeitschriften_covers\/musfor78914.jpg\" border=\"0\" alt=\"Cover Zeitschrift\" width=\"70\" height=\"100\" style=\"float: left; margin: 8px;\" \/>Musikleben im Diskurs <\/span><\/p>\n<p><span style=\"font-family: arial,helvetica,sans-serif; font-size: small;\"> Herausgegeben von Schott Music, Mainz<\/span><\/p>\n<p><span style=\"font-family: arial,helvetica,sans-serif; font-size: small;\"> <strong>Im Fokus: Musik und Identit\u00e4t <\/strong><\/span><\/p>\n<p><span style=\"font-family: arial,helvetica,sans-serif; font-size: small;\"> Wolfgang Auhagen:<\/span><br \/><span style=\"font-family: arial,helvetica,sans-serif; font-size: small;\"> Was ist kulturelle Identit\u00e4t? Die Rolle der Musik bei der Identit\u00e4tsbildung <\/span><\/p>\n<p><span style=\"font-family: arial,helvetica,sans-serif; font-size: small;\"> Rolf Oerter: <\/span><br \/><span style=\"font-family: arial,helvetica,sans-serif; font-size: small;\"> Inwiefern tr\u00e4gt Musik zur Identit\u00e4tsbildung bei? Einfluss und Pr\u00e4gung von Musik <\/span><\/p>\n<p><span style=\"font-family: arial,helvetica,sans-serif; font-size: small;\"> Bernd Clausen: <\/span><br \/><span style=\"font-family: arial,helvetica,sans-serif; font-size: small;\"> Welchen Beitrag k\u00f6nnen Musikhochschulen bei der pers\u00f6nlichen Entwicklung der Studierenden leisten? Eine kritische Betrachtung <\/span><\/p>\n<p><span style=\"font-family: arial,helvetica,sans-serif; font-size: small;\"> Joachim Klose: <\/span><br \/><span style=\"font-family: arial,helvetica,sans-serif; font-size: small;\"> Auf der Suche nach dem Ursprung. Heimat und ihre Bedeutung f\u00fcr kulturelle Identit\u00e4t <\/span><\/p>\n<p><span style=\"font-family: arial,helvetica,sans-serif; font-size: small;\"> Armin Griebel: <\/span><br \/><span style=\"font-family: arial,helvetica,sans-serif; font-size: small;\"> Ges\u00e4nge in der Wirtshausstube. Volksmusik als Mittel kultureller Identit\u00e4t <\/span><\/p>\n<p><span style=\"font-family: arial,helvetica,sans-serif; font-size: small;\"> Christian H\u00f6ppner: <\/span><br \/><span style=\"font-family: arial,helvetica,sans-serif; font-size: small;\"> Musik verbindet Kulturen. Gespr\u00e4ch mit der iranischen S\u00e4ngerin Cymin Samawatie <\/span><\/p>\n<p><span style=\"font-family: arial,helvetica,sans-serif; font-size: small;\"> Corinna Herr: <\/span><br \/><span style=\"font-family: arial,helvetica,sans-serif; font-size: small;\"> Musik und Gender. Zur Entwicklung musikalischer Rollenbilder <\/span><\/p>\n<p><span style=\"font-family: arial,helvetica,sans-serif; font-size: small;\"> Dieter Kreidler: <\/span><br \/><span style=\"font-family: arial,helvetica,sans-serif; font-size: small;\"> Pr\u00e4gend\u2026 Welche Wirkung hat Musik bei Laienmusikern? <\/span><\/p>\n<p><span style=\"font-family: arial,helvetica,sans-serif; font-size: small;\"> Heiner Stolle: <\/span><br \/><span style=\"font-family: arial,helvetica,sans-serif; font-size: small;\"> Klangk\u00f6rper.Das Innenleben eines Orchesters <\/span><\/p>\n<p><span style=\"font-family: arial,helvetica,sans-serif; font-size: small;\"> Birgit Jank: <\/span><br \/><span style=\"font-family: arial,helvetica,sans-serif; font-size: small;\"> Transkultureller Musikunterricht. Verst\u00e4ndnis und Methoden <\/span><\/p>\n<p><span style=\"font-family: arial,helvetica,sans-serif; font-size: small;\"> Christian H\u00f6ppner: <\/span><br \/><span style=\"font-family: arial,helvetica,sans-serif; font-size: small;\"> Ein Leben f\u00fcr die Musik. Gespr\u00e4ch mit Peter G\u00fclke, Dirigent, Musikwissenschaftler und Musikschriftsteller <\/span><\/p>\n<p><span style=\"font-family: arial,helvetica,sans-serif; font-size: small;\"> <strong>Begegnung<\/strong><\/span><\/p>\n<p><span style=\"font-family: arial,helvetica,sans-serif; font-size: small;\"> Stephan Mayer :<\/span><br \/><span style=\"font-family: arial,helvetica,sans-serif; font-size: small;\"> Musik, Gespr\u00e4che und ein Klappstuhl. Begegnung mit dem Filmemacher Bruno Monsaingeon <\/span><\/p>\n<p><span style=\"font-family: arial,helvetica,sans-serif; font-size: small;\"> <strong>Akzent<\/strong><\/span><\/p>\n<p><span style=\"font-family: arial,helvetica,sans-serif; font-size: small;\"> Michael Fischer:<\/span><br \/><span style=\"font-family: arial,helvetica,sans-serif; font-size: small;\"> Dialekt battelt sich mit Deutsch-Rap. Heimatmusik als regionale Weltmusik <\/span><\/p>\n<p><span style=\"font-family: arial,helvetica,sans-serif; font-size: small;\"> <strong>Neue T\u00f6ne<\/strong><\/span><\/p>\n<p><span style=\"font-family: arial,helvetica,sans-serif; font-size: small;\"> Hans-Ulrich Werner:<\/span><br \/><span style=\"font-family: arial,helvetica,sans-serif; font-size: small;\"> Von der Bioakustik zur Biofonie. Zum 80. Geburtstag des H\u00f6rbild-Komponisten Walter Tilgner <\/span><\/p>\n<p><span style=\"font-family: arial,helvetica,sans-serif; font-size: small;\"> <strong>Europa<\/strong><\/span><\/p>\n<p><span style=\"font-family: arial,helvetica,sans-serif; font-size: small;\"> Klaus N\u00e4umann, G\u00fcnther Noll, Astrid Reimers: <\/span><br \/><span style=\"font-family: arial,helvetica,sans-serif; font-size: small;\"> Fundgrube der Musikethnologie. 50 Jahre musikethnologische Forschung am Institut f\u00fcr Europ\u00e4ische Musikethnologie <\/span><\/p>\n<p><span style=\"font-family: arial,helvetica,sans-serif; font-size: small;\"> <strong>Bildung | Forschung <\/strong><\/span><\/p>\n<p><span style=\"font-family: arial,helvetica,sans-serif; font-size: small;\"> Frauke Heiligenstadt: <\/span><br \/><span style=\"font-family: arial,helvetica,sans-serif; font-size: small;\"> Niedersachsen hat sich entschieden: f\u00fcr ein modernes, zeitgem\u00e4\u00dfes Abitur nach 13 Jahren. Lernstress, hohe Belastung, wenig Zeit \u2013 die Diskussion um \u00abG 8\u00bb <\/span><\/p>\n<p><span style=\"font-family: arial,helvetica,sans-serif; font-size: small;\"> <strong>Kolumne <\/strong><\/span><\/p>\n<p><span style=\"font-family: arial,helvetica,sans-serif; font-size: small;\"> Udo Dahmen: <\/span><br \/><span style=\"font-family: arial,helvetica,sans-serif; font-size: small;\"> Erkl\u00e4r mir Pop: All along the Watchtower. Der Song von Bob Dylan, aufgenommen von Jimi Hendrix <\/span><\/p>\n<p><span style=\"font-family: arial,helvetica,sans-serif; font-size: small;\"> <strong>Im Weiteren<\/strong><\/span><\/p>\n<p><span style=\"font-family: arial,helvetica,sans-serif; font-size: small;\"> Nachrichten<\/span><br \/><span style=\"font-family: arial,helvetica,sans-serif; font-size: small;\"> DMR-Informationen: Projekte, Verb\u00e4nde <\/span><br \/><span style=\"font-family: arial,helvetica,sans-serif; font-size: small;\"> Rezensionen <\/span><\/p>\n","protected":false},"excerpt":{"rendered":"<p>Musikleben im Diskurs Herausgegeben von Schott Music, Mainz Im Fokus: Musik und Identit\u00e4t Wolfgang Auhagen: Was ist kulturelle Identit\u00e4t? Die&#8230;<\/p>\n","protected":false},"author":1,"featured_media":0,"comment_status":"open","ping_status":"open","sticky":false,"template":"","format":"standard","meta":{"footnotes":""},"categories":[10],"tags":[],"class_list":["post-1764","post","type-post","status-publish","format-standard","hentry","category-fachzeitschriften","entry"],"_links":{"self":[{"href":"https:\/\/codexflores.ch\/index.php\/wp-json\/wp\/v2\/posts\/1764","targetHints":{"allow":["GET"]}}],"collection":[{"href":"https:\/\/codexflores.ch\/index.php\/wp-json\/wp\/v2\/posts"}],"about":[{"href":"https:\/\/codexflores.ch\/index.php\/wp-json\/wp\/v2\/types\/post"}],"author":[{"embeddable":true,"href":"https:\/\/codexflores.ch\/index.php\/wp-json\/wp\/v2\/users\/1"}],"replies":[{"embeddable":true,"href":"https:\/\/codexflores.ch\/index.php\/wp-json\/wp\/v2\/comments?post=1764"}],"version-history":[{"count":0,"href":"https:\/\/codexflores.ch\/index.php\/wp-json\/wp\/v2\/posts\/1764\/revisions"}],"wp:attachment":[{"href":"https:\/\/codexflores.ch\/index.php\/wp-json\/wp\/v2\/media?parent=1764"}],"wp:term":[{"taxonomy":"category","embeddable":true,"href":"https:\/\/codexflores.ch\/index.php\/wp-json\/wp\/v2\/categories?post=1764"},{"taxonomy":"post_tag","embeddable":true,"href":"https:\/\/codexflores.ch\/index.php\/wp-json\/wp\/v2\/tags?post=1764"}],"curies":[{"name":"wp","href":"https:\/\/api.w.org\/{rel}","templated":true}]}}