{"id":1766,"date":"2014-10-02T05:57:00","date_gmt":"2014-10-02T05:57:00","guid":{"rendered":"https:\/\/codexflores.ch\/index.php\/2014\/10\/02\/10-punkte-plan-gegen-demenz-durch-hoerverlust\/"},"modified":"2014-10-02T05:57:00","modified_gmt":"2014-10-02T05:57:00","slug":"10-punkte-plan-gegen-demenz-durch-hoerverlust","status":"publish","type":"post","link":"https:\/\/codexflores.ch\/index.php\/2014\/10\/02\/10-punkte-plan-gegen-demenz-durch-hoerverlust\/","title":{"rendered":"10-Punkte-Plan gegen Demenz durch H\u00f6rverlust"},"content":{"rendered":"<p><span style=\"font-family: arial,helvetica,sans-serif; font-size: small;\">02.10.2014 &#8212; Demenz kann auch eine Folge von H\u00f6rbeeintr\u00e4chtigungen sein. Am European Health Forum Gastein (EHFG)\u00a0 ist aufgezeigt worden, dass H\u00f6rhilfen den kognitiven Abbau verlangsamen k\u00f6nnen.<\/span><\/p>\n<p><span style=\"font-family: arial,helvetica,sans-serif; font-size: small;\"><strong>02.10.2014 &#8212; Demenz kann auch eine Folge von H\u00f6rbeeintr\u00e4chtigungen sein. Am European Health Forum Gastein (EHFG) ist aufgezeigt worden, dass H\u00f6rhilfen den kognitiven Abbau verlangsamen k\u00f6nnen.<\/strong><\/span><\/p>\n<p><span style=\"font-family: arial,helvetica,sans-serif; font-size: small;\">\u00a0<\/span><\/p>\n<p><span style=\"font-family: arial,helvetica,sans-serif; font-size: small;\">Dass zwischen H\u00f6rverlust und kognitivem Abbau ein Zusammenhang besteht, wurde unter anderem in einer 2011 publizierten Untersuchung nachgewiesen. Eine neue franz\u00f6sische Studie, deren Ver\u00f6ffentlichung f\u00fcr 2015 geplant ist, soll nicht nur die Korrelation zwischen H\u00f6rverlust und Demenz best\u00e4tigen, sondern erstmals auch Hinweise darauf geben, dass H\u00f6rger\u00e4te den kognitiven Abbau bremsen.<\/span><\/p>\n<p><span style=\"font-family: arial,helvetica,sans-serif; font-size: small;\">\u00a0<\/span><\/p>\n<p><span style=\"font-family: arial,helvetica,sans-serif; font-size: small;\">Pierre Anhoury, Vorstand der franz\u00f6sischen Organisation Agir Pour l&#8217;Audition (Handeln f\u00fcr das H\u00f6ren), hat am EHFG einen 10-Punkte-Plan vorgestellt, mit dem das Problem angegangen werden soll. Er pl\u00e4dierte f\u00fcr neue \u00f6konomische L\u00f6sungen, um die Versorgung \u00e4lterer Menschen mit H\u00f6rger\u00e4ten sicherzustellen.<\/span><\/p>\n<p><span style=\"font-family: arial,helvetica,sans-serif; font-size: small;\">\u00a0<\/span><\/p>\n<p><span style=\"font-family: arial,helvetica,sans-serif; font-size: small;\">Der Plan fordert EU-weite Massnahmen, unter anderem eine Kampagnen zur Aufkl\u00e4rung junger Menschen \u00fcber H\u00f6rsch\u00e4den, Fr\u00fcherkennung vor allem bei \u00dcber-60-J\u00e4hrigen, fr\u00fchere und bessere Rehabilitation, Implementierung der EU Qualit\u00e4tsnorm EN 15927 f\u00fcr Dienstleistungen in der H\u00f6rakustik in allen EU-L\u00e4ndern, die Verbreitung evidenzbasierter Leitlinien, Industriepartnerschaften f\u00fcr leistbare H\u00f6rger\u00e4te, neue Modelle, um mehr Menschen den Zugang zu H\u00f6rhilfen zu erm\u00f6glichen, etwa durch Preiskontrollen, und angemessene finanzielle Unterst\u00fctzung.<em> (cf)<\/em><\/span><\/p>\n","protected":false},"excerpt":{"rendered":"<p><span style=\"font-family: arial,helvetica,sans-serif; font-size: small;\">02.10.2014 &#8212; Demenz kann auch eine Folge von H\u00f6rbeeintr\u00e4chtigungen sein. Am European Health Forum Gastein (EHFG)\u00a0 ist aufgezeigt worden, dass H\u00f6rhilfen den kognitiven Abbau verlangsamen k\u00f6nnen.<\/span><\/p>\n","protected":false},"author":1,"featured_media":0,"comment_status":"open","ping_status":"open","sticky":false,"template":"","format":"standard","meta":{"footnotes":""},"categories":[2],"tags":[],"class_list":["post-1766","post","type-post","status-publish","format-standard","hentry","category-nachrichten","entry"],"_links":{"self":[{"href":"https:\/\/codexflores.ch\/index.php\/wp-json\/wp\/v2\/posts\/1766","targetHints":{"allow":["GET"]}}],"collection":[{"href":"https:\/\/codexflores.ch\/index.php\/wp-json\/wp\/v2\/posts"}],"about":[{"href":"https:\/\/codexflores.ch\/index.php\/wp-json\/wp\/v2\/types\/post"}],"author":[{"embeddable":true,"href":"https:\/\/codexflores.ch\/index.php\/wp-json\/wp\/v2\/users\/1"}],"replies":[{"embeddable":true,"href":"https:\/\/codexflores.ch\/index.php\/wp-json\/wp\/v2\/comments?post=1766"}],"version-history":[{"count":0,"href":"https:\/\/codexflores.ch\/index.php\/wp-json\/wp\/v2\/posts\/1766\/revisions"}],"wp:attachment":[{"href":"https:\/\/codexflores.ch\/index.php\/wp-json\/wp\/v2\/media?parent=1766"}],"wp:term":[{"taxonomy":"category","embeddable":true,"href":"https:\/\/codexflores.ch\/index.php\/wp-json\/wp\/v2\/categories?post=1766"},{"taxonomy":"post_tag","embeddable":true,"href":"https:\/\/codexflores.ch\/index.php\/wp-json\/wp\/v2\/tags?post=1766"}],"curies":[{"name":"wp","href":"https:\/\/api.w.org\/{rel}","templated":true}]}}