{"id":1768,"date":"2014-10-02T21:09:34","date_gmt":"2014-10-02T21:09:34","guid":{"rendered":"https:\/\/codexflores.ch\/index.php\/2014\/10\/02\/kammerorchester-basel-in-suedamerika\/"},"modified":"2014-10-02T21:09:34","modified_gmt":"2014-10-02T21:09:34","slug":"kammerorchester-basel-in-suedamerika","status":"publish","type":"post","link":"https:\/\/codexflores.ch\/index.php\/2014\/10\/02\/kammerorchester-basel-in-suedamerika\/","title":{"rendered":"Kammerorchester Basel in S\u00fcdamerika"},"content":{"rendered":"<p><span style=\"font-family: arial,helvetica,sans-serif; font-size: small;\">03.10.2014 &#8212; Heute bricht das Kammerorchester Basel auf nach S\u00fcdamerika zu einer mehrt\u00e4gigen Konzerttournee. Gemeinsam mit dem Dirigenten Giovanni Antonini und der Cellistin Sol Gabetta machen die Musikerinnen und Musiker Station in Montevideo, S\u00e3o Paulo und Buenos Aires.<\/span><\/p>\n<p><span style=\"font-family: arial,helvetica,sans-serif; font-size: small;\"><strong>03.10.2014 &#8212; Heute bricht das Kammerorchester Basel auf nach S\u00fcdamerika zu einer mehrt\u00e4gigen Konzerttournee. Gemeinsam mit dem Dirigenten Giovanni Antonini und der Cellistin Sol Gabetta machen die Musikerinnen und Musiker Station in Montevideo, S\u00e3o Paulo und Buenos Aires.<\/strong><\/span><\/p>\n<p><span style=\"font-family: arial,helvetica,sans-serif; font-size: small;\">\u00a0<\/span><\/p>\n<p><span style=\"font-family: arial,helvetica,sans-serif; font-size: small;\">Im Programm f\u00fchrt das Ensemble neben grossen und bekannten Orchesterwerken von Schumann, Saint-Sa\u00ebns und Beethoven zeitgen\u00f6ssische Werke zweier Schweizer Komponisten mit sich, das <em>Nonett f\u00fcr Bl\u00e4ser und Kontrabass<\/em> von Bettina Skrzypczak und Stefan Wirths <em>Bl\u00e4seroktett<\/em>. <\/span><\/p>\n<p>\u00a0<\/p>\n<p><span style=\"font-family: arial,helvetica,sans-serif; font-size: small;\">In S\u00e3o Paulo werden Musikerinnen und Musiker des Kammerorchester Basel \u00fcberdies ehrenamtlich Masterclasses f\u00fcr Sch\u00fclerinnen und Sch\u00fcler der S\u00e3o Paulo State Music School geben. Im Anschluss an die S\u00fcdamerika-Tournee gastiert das Kammerorchester Basel mit Giovanni Antonini und Sol Gabetta in Wiesbaden, Friedrichshafen, Regensburg, Mannheim und Essen.\u00a0 <em>(cf)<\/em><\/span><\/p>\n<p>\u00a0<\/p>\n","protected":false},"excerpt":{"rendered":"<p><span style=\"font-family: arial,helvetica,sans-serif; font-size: small;\">03.10.2014 &#8212; Heute bricht das Kammerorchester Basel auf nach S\u00fcdamerika zu einer mehrt\u00e4gigen Konzerttournee. Gemeinsam mit dem Dirigenten Giovanni Antonini und der Cellistin Sol Gabetta machen die Musikerinnen und Musiker Station in Montevideo, S\u00e3o Paulo und Buenos Aires.<\/span><\/p>\n","protected":false},"author":1,"featured_media":0,"comment_status":"open","ping_status":"open","sticky":false,"template":"","format":"standard","meta":{"footnotes":""},"categories":[2],"tags":[],"class_list":["post-1768","post","type-post","status-publish","format-standard","hentry","category-nachrichten","entry"],"_links":{"self":[{"href":"https:\/\/codexflores.ch\/index.php\/wp-json\/wp\/v2\/posts\/1768","targetHints":{"allow":["GET"]}}],"collection":[{"href":"https:\/\/codexflores.ch\/index.php\/wp-json\/wp\/v2\/posts"}],"about":[{"href":"https:\/\/codexflores.ch\/index.php\/wp-json\/wp\/v2\/types\/post"}],"author":[{"embeddable":true,"href":"https:\/\/codexflores.ch\/index.php\/wp-json\/wp\/v2\/users\/1"}],"replies":[{"embeddable":true,"href":"https:\/\/codexflores.ch\/index.php\/wp-json\/wp\/v2\/comments?post=1768"}],"version-history":[{"count":0,"href":"https:\/\/codexflores.ch\/index.php\/wp-json\/wp\/v2\/posts\/1768\/revisions"}],"wp:attachment":[{"href":"https:\/\/codexflores.ch\/index.php\/wp-json\/wp\/v2\/media?parent=1768"}],"wp:term":[{"taxonomy":"category","embeddable":true,"href":"https:\/\/codexflores.ch\/index.php\/wp-json\/wp\/v2\/categories?post=1768"},{"taxonomy":"post_tag","embeddable":true,"href":"https:\/\/codexflores.ch\/index.php\/wp-json\/wp\/v2\/tags?post=1768"}],"curies":[{"name":"wp","href":"https:\/\/api.w.org\/{rel}","templated":true}]}}