{"id":1769,"date":"2014-10-02T21:12:03","date_gmt":"2014-10-02T21:12:03","guid":{"rendered":"https:\/\/codexflores.ch\/index.php\/2014\/10\/02\/tod-des-saengers-und-kulturmanagers-jakob-staempfli\/"},"modified":"2014-10-02T21:12:03","modified_gmt":"2014-10-02T21:12:03","slug":"tod-des-saengers-und-kulturmanagers-jakob-staempfli","status":"publish","type":"post","link":"https:\/\/codexflores.ch\/index.php\/2014\/10\/02\/tod-des-saengers-und-kulturmanagers-jakob-staempfli\/","title":{"rendered":"Tod des S\u00e4ngers und Kulturmanagers Jakob St\u00e4mpfli"},"content":{"rendered":"<p><span style=\"font-family: arial,helvetica,sans-serif; font-size: small;\">03.10.2014 &#8212; Der S\u00e4nger, Musikp\u00e4dagoge und fr\u00fchere Berner Konservatoriums-Direktor Jakob St\u00e4mpfli ist laut einer Todesanzeige in den Berner Zeitungen im Alter von 80 Jahren in Thun verstorben.<\/span><\/p>\n<p><span style=\"font-family: arial,helvetica,sans-serif; font-size: small;\"><strong>03.10.2014 &#8212; Der S\u00e4nger, Musikp\u00e4dagoge und fr\u00fchere Berner Konservatoriums-Direktor Jakob St\u00e4mpfli ist laut einer Todesanzeige in den Berner Zeitungen im Alter von 80 Jahren in Thun verstorben.<\/strong><\/span><\/p>\n<p>\u00a0<\/p>\n<div class=\"text-section\">\n<p><span style=\"font-family: arial,helvetica,sans-serif; font-size: small;\">Jakob St\u00e4mpfli studierte Gesang in Bern und Frankfurt am Main. Ab 1954 f\u00fchrten ihn Konzerte durch ganz Europa, die USA und Japan, in Zusammenarbeit mit Dirigenten wie Ansermet, Boulez, Fr\u00fchbeck de Burgos, Richter, Rilling und zahlreichen andern. Bei zahlreichen Schallplattenproduktionen \u00fcbernahm er die Aufnahmeleitung. Er erhielt mehrere Preise der deutschen Schallplattenkritik und achtmal den Grand Prix du disque.<\/span><\/p>\n<p>\u00a0<\/p>\n<p><span style=\"font-family: arial,helvetica,sans-serif; font-size: small;\">St\u00e4mpfli unterrichtete von 1960 bis 1962 am Konservatorium Biel und ab 1963\u00a0 am Konservatorium Bern. W\u00e4hrend fast 30 Jahren war er gleichzeitig auch an den Musikhochschulen in Saarbr\u00fccken, Hamburg und Essen p\u00e4dagogisch t\u00e4tig. In W\u00fcrdigung seiner hervorragenden k\u00fcnstlerischen Verdienste wurde ihm 1965 durch die saarl\u00e4ndische Regierung der Professortitel ad personam verliehen.<\/span><\/p>\n<p>\u00a0<\/p>\n<p><span style=\"font-family: arial,helvetica,sans-serif; font-size: small;\">St\u00e4mpfli war von 1973 bis 1992 \u00fcberdies Direktor der Musikschule Region Thun. 1992 wurde er zum Direktor des Konservatoriums f\u00fcr Musik und Theater in Bern gew\u00e4hlt. Als Pr\u00e4sident des Schweizer Musikrates, der Association des Professeurs de chant de Suisse, des Schweizerischen Musikp\u00e4dagogischen Verbandes, der Johannes-Brahms-Gesellschaft Schweiz und als Vorstandsmitglied der European Voice Teachers Association war er auch musikpolitisch t\u00e4tig. <em>(cf)<\/em><\/span><\/p>\n<\/p><\/div>\n<p>\u00a0<\/p>\n","protected":false},"excerpt":{"rendered":"<p><span style=\"font-family: arial,helvetica,sans-serif; font-size: small;\">03.10.2014 &#8212; Der S\u00e4nger, Musikp\u00e4dagoge und fr\u00fchere Berner Konservatoriums-Direktor Jakob St\u00e4mpfli ist laut einer Todesanzeige in den Berner Zeitungen im Alter von 80 Jahren in Thun verstorben.<\/span><\/p>\n","protected":false},"author":1,"featured_media":0,"comment_status":"open","ping_status":"open","sticky":false,"template":"","format":"standard","meta":{"footnotes":""},"categories":[2],"tags":[],"class_list":["post-1769","post","type-post","status-publish","format-standard","hentry","category-nachrichten","entry"],"_links":{"self":[{"href":"https:\/\/codexflores.ch\/index.php\/wp-json\/wp\/v2\/posts\/1769","targetHints":{"allow":["GET"]}}],"collection":[{"href":"https:\/\/codexflores.ch\/index.php\/wp-json\/wp\/v2\/posts"}],"about":[{"href":"https:\/\/codexflores.ch\/index.php\/wp-json\/wp\/v2\/types\/post"}],"author":[{"embeddable":true,"href":"https:\/\/codexflores.ch\/index.php\/wp-json\/wp\/v2\/users\/1"}],"replies":[{"embeddable":true,"href":"https:\/\/codexflores.ch\/index.php\/wp-json\/wp\/v2\/comments?post=1769"}],"version-history":[{"count":0,"href":"https:\/\/codexflores.ch\/index.php\/wp-json\/wp\/v2\/posts\/1769\/revisions"}],"wp:attachment":[{"href":"https:\/\/codexflores.ch\/index.php\/wp-json\/wp\/v2\/media?parent=1769"}],"wp:term":[{"taxonomy":"category","embeddable":true,"href":"https:\/\/codexflores.ch\/index.php\/wp-json\/wp\/v2\/categories?post=1769"},{"taxonomy":"post_tag","embeddable":true,"href":"https:\/\/codexflores.ch\/index.php\/wp-json\/wp\/v2\/tags?post=1769"}],"curies":[{"name":"wp","href":"https:\/\/api.w.org\/{rel}","templated":true}]}}