{"id":1772,"date":"2014-10-06T06:00:11","date_gmt":"2014-10-06T06:00:11","guid":{"rendered":"https:\/\/codexflores.ch\/index.php\/2014\/10\/06\/portraet-des-jungen-mozart-im-verkauf\/"},"modified":"2014-10-06T06:00:11","modified_gmt":"2014-10-06T06:00:11","slug":"portraet-des-jungen-mozart-im-verkauf","status":"publish","type":"post","link":"https:\/\/codexflores.ch\/index.php\/2014\/10\/06\/portraet-des-jungen-mozart-im-verkauf\/","title":{"rendered":"Portr\u00e4t des 21-j\u00e4hrigen Mozart wird in London versteigert"},"content":{"rendered":"<p><span style=\"font-family: arial,helvetica,sans-serif; font-size: small;\">06.10.2014 &#8212; Das Auktionshaus Sotheby\u2019s versteigert ein bislang unzug\u00e4ngliches Portr\u00e4t des 21-j\u00e4hrigen Mozart, das urspr\u00fcnglich ein Geschenk des Komponisten f\u00fcr seine Cousine\u00a0Maria Anna Thekla Mozart war.<\/span><\/p>\n<p>\u00a0<\/p>\n<p><span style=\"font-family: arial,helvetica,sans-serif; font-size: small;\"><strong>06.10.2014 &#8212; Das Auktionshaus Sotheby\u2019s versteigert ein bislang unzug\u00e4ngliches Portr\u00e4t des 21-j\u00e4hrigen Mozart, das urspr\u00fcnglich ein Geschenk des Komponisten f\u00fcr seine Cousine\u00a0Maria Anna Thekla Mozart war.<\/strong><\/span><\/p>\n<p>\u00a0<\/p>\n<p><span style=\"font-family: arial,helvetica,sans-serif; font-size: small;\">Das Portr\u00e4t hat die Form eines Medaillons und ist gerademal vier Zentimeter gross. Es wurde 1777 von einem anonymen K\u00fcnstler erstellt und wird in Mozarts B\u00e4sle-Briefen an Maria Anna Thekla Mozart mehrfach erw\u00e4hnt. <\/span><\/p>\n<p>\u00a0<\/p>\n<p><span style=\"font-family: arial,helvetica,sans-serif; font-size: small;\">Das Portr\u00e4t wurde \u00fcber Generationen famili\u00e4r vererbt und war bis heute \u00f6ffentlich nie in Farbe zu sehen. Versteigert wird es am 20. November 2014 in London. <em>(cf)<\/em><\/span><\/p>\n<p>\u00a0<\/p>\n<p>\u00a0<\/p>\n","protected":false},"excerpt":{"rendered":"<p><span style=\"font-family: arial,helvetica,sans-serif; font-size: small;\">06.10.2014 &#8212; Das Auktionshaus Sotheby\u2019s versteigert ein bislang unzug\u00e4ngliches Portr\u00e4t des 21-j\u00e4hrigen Mozart, das urspr\u00fcnglich ein Geschenk des Komponisten f\u00fcr seine Cousine\u00a0Maria Anna Thekla Mozart war.<\/span><\/p>\n","protected":false},"author":1,"featured_media":0,"comment_status":"open","ping_status":"open","sticky":false,"template":"","format":"standard","meta":{"footnotes":""},"categories":[2],"tags":[],"class_list":["post-1772","post","type-post","status-publish","format-standard","hentry","category-nachrichten","entry"],"_links":{"self":[{"href":"https:\/\/codexflores.ch\/index.php\/wp-json\/wp\/v2\/posts\/1772","targetHints":{"allow":["GET"]}}],"collection":[{"href":"https:\/\/codexflores.ch\/index.php\/wp-json\/wp\/v2\/posts"}],"about":[{"href":"https:\/\/codexflores.ch\/index.php\/wp-json\/wp\/v2\/types\/post"}],"author":[{"embeddable":true,"href":"https:\/\/codexflores.ch\/index.php\/wp-json\/wp\/v2\/users\/1"}],"replies":[{"embeddable":true,"href":"https:\/\/codexflores.ch\/index.php\/wp-json\/wp\/v2\/comments?post=1772"}],"version-history":[{"count":0,"href":"https:\/\/codexflores.ch\/index.php\/wp-json\/wp\/v2\/posts\/1772\/revisions"}],"wp:attachment":[{"href":"https:\/\/codexflores.ch\/index.php\/wp-json\/wp\/v2\/media?parent=1772"}],"wp:term":[{"taxonomy":"category","embeddable":true,"href":"https:\/\/codexflores.ch\/index.php\/wp-json\/wp\/v2\/categories?post=1772"},{"taxonomy":"post_tag","embeddable":true,"href":"https:\/\/codexflores.ch\/index.php\/wp-json\/wp\/v2\/tags?post=1772"}],"curies":[{"name":"wp","href":"https:\/\/api.w.org\/{rel}","templated":true}]}}