{"id":1774,"date":"2014-10-06T06:31:34","date_gmt":"2014-10-06T06:31:34","guid":{"rendered":"https:\/\/codexflores.ch\/index.php\/2014\/10\/06\/massenkuendigung-an-der-oper-di-roma\/"},"modified":"2014-10-06T06:31:34","modified_gmt":"2014-10-06T06:31:34","slug":"massenkuendigung-an-der-oper-di-roma","status":"publish","type":"post","link":"https:\/\/codexflores.ch\/index.php\/2014\/10\/06\/massenkuendigung-an-der-oper-di-roma\/","title":{"rendered":"Massenk\u00fcndigung an der Opera di Roma"},"content":{"rendered":"<p><span style=\"font-family: arial,helvetica,sans-serif; font-size: small;\">06.10.2014 &#8212; Heftige Turbulenzen an der R\u00f6mer Oper. Nachdem Riccardo Muti das Dirigerpult verlassen hat, hat die Oper den 182 Mitgliedern von Orchester und Chor gek\u00fcndigt. Sie sollen k\u00fcnftig mit einer externen Organisation als unabh\u00e4ngige Dienstleister der Oper kosteng\u00fcnstiger zur Verf\u00fcgung stehen.<\/span><\/p>\n<p><span style=\"font-family: arial,helvetica,sans-serif; font-size: small;\"><strong>06.10.2014 &#8212;\u00a0<span style=\"font-family: arial,helvetica,sans-serif; font-size: small;\">Heftige Turbulenzen an der R\u00f6mer Oper. Nachdem Riccardo Muti das Dirigerpult verlassen hat, hat die Oper den 182 Mitgliedern von Orchester und Chor gek\u00fcndigt. Sie sollen k\u00fcnftig mit einer externen Organisation als unabh\u00e4ngige Dienstleister der Oper kosteng\u00fcnstiger zur Verf\u00fcgung stehen.<\/span><\/strong><\/span><\/p>\n<p><span style=\"font-family: arial,helvetica,sans-serif; font-size: small;\">\u00a0<\/span><\/p>\n<p><span style=\"font-family: arial,helvetica,sans-serif; font-size: small;\">Die Orchester- und Chormitglieder haben gegen die in der italienischen Kulturszene bislang beispiellose Massnahme am Samstag vor dem Theater demonstriert und wollen den Entschied mit einem Rekurs bek\u00e4mpfen. Die Massnahme der Oper wird vom r\u00f6mischen B\u00fcrgermeister Ignazio Marino allerdings gedeckt. Die Alternative aus Sicht der Politik sei eine vollst\u00e4ndige Schliessung des Hauses, schreiben R\u00f6mer Medien.\u00a0<\/span><\/p>\n<p><span style=\"font-family: arial,helvetica,sans-serif; font-size: small;\">\u00a0<\/span><\/p>\n<p><span style=\"font-family: arial,helvetica,sans-serif; font-size: small;\">Die Opernleitung unter F\u00fchrung des Intendanten Carlo Fuortes erhofft sich von der Massnahme eine Einsparung von 3,4 Millionen Euro j\u00e4hrlich. Laut lokalen Pressemeldungen sind die K\u00fcndigungen aus der Sicht des Intendanz Folge der harten Haltung der Gewerkschaften, die zur Rettung des Hauses nicht Hand geboten h\u00e4tten. <em> (cf)\u00a0<\/em> <\/span><\/p>\n<p><span style=\"font-family: arial,helvetica,sans-serif; font-size: small;\">\u00a0<\/span><\/p>\n","protected":false},"excerpt":{"rendered":"<p><span style=\"font-family: arial,helvetica,sans-serif; font-size: small;\">06.10.2014 &#8212; Heftige Turbulenzen an der R\u00f6mer Oper. Nachdem Riccardo Muti das Dirigerpult verlassen hat, hat die Oper den 182 Mitgliedern von Orchester und Chor gek\u00fcndigt. Sie sollen k\u00fcnftig mit einer externen Organisation als unabh\u00e4ngige Dienstleister der Oper kosteng\u00fcnstiger zur Verf\u00fcgung stehen.<\/span><\/p>\n","protected":false},"author":1,"featured_media":0,"comment_status":"open","ping_status":"open","sticky":false,"template":"","format":"standard","meta":{"footnotes":""},"categories":[2],"tags":[],"class_list":["post-1774","post","type-post","status-publish","format-standard","hentry","category-nachrichten","entry"],"_links":{"self":[{"href":"https:\/\/codexflores.ch\/index.php\/wp-json\/wp\/v2\/posts\/1774","targetHints":{"allow":["GET"]}}],"collection":[{"href":"https:\/\/codexflores.ch\/index.php\/wp-json\/wp\/v2\/posts"}],"about":[{"href":"https:\/\/codexflores.ch\/index.php\/wp-json\/wp\/v2\/types\/post"}],"author":[{"embeddable":true,"href":"https:\/\/codexflores.ch\/index.php\/wp-json\/wp\/v2\/users\/1"}],"replies":[{"embeddable":true,"href":"https:\/\/codexflores.ch\/index.php\/wp-json\/wp\/v2\/comments?post=1774"}],"version-history":[{"count":0,"href":"https:\/\/codexflores.ch\/index.php\/wp-json\/wp\/v2\/posts\/1774\/revisions"}],"wp:attachment":[{"href":"https:\/\/codexflores.ch\/index.php\/wp-json\/wp\/v2\/media?parent=1774"}],"wp:term":[{"taxonomy":"category","embeddable":true,"href":"https:\/\/codexflores.ch\/index.php\/wp-json\/wp\/v2\/categories?post=1774"},{"taxonomy":"post_tag","embeddable":true,"href":"https:\/\/codexflores.ch\/index.php\/wp-json\/wp\/v2\/tags?post=1774"}],"curies":[{"name":"wp","href":"https:\/\/api.w.org\/{rel}","templated":true}]}}