{"id":1779,"date":"2014-10-07T05:36:53","date_gmt":"2014-10-07T05:36:53","guid":{"rendered":"https:\/\/codexflores.ch\/index.php\/2014\/10\/07\/theater-orchester-biel-solothurn-in-budapest\/"},"modified":"2014-10-07T05:36:53","modified_gmt":"2014-10-07T05:36:53","slug":"theater-orchester-biel-solothurn-in-budapest","status":"publish","type":"post","link":"https:\/\/codexflores.ch\/index.php\/2014\/10\/07\/theater-orchester-biel-solothurn-in-budapest\/","title":{"rendered":"Theater Orchester Biel Solothurn in Budapest"},"content":{"rendered":"<p><span style=\"font-family: arial,helvetica,sans-serif; font-size: small;\">07.10.2014 &#8212; Theater Orchester Biel Solothurn macht diese Woche einen Abstecher nach Ungarn. Im Rahmen des Armel Opera Festival in Ungarn\u00a0 zeigt es die Oper \u00abFigaro\u00bf\u00bb von Christian Henking und Raphael Urweider.<\/span><\/p>\n<p><span style=\"font-family: arial,helvetica,sans-serif; font-size: small;\"><strong>07.10.2014 &#8212; Theater Orchester Biel Solothurn macht diese Woche einen Abstecher nach Ungarn. Im Rahmen des Armel Opera Festival in Ungarn\u00a0 zeigt es die Oper \u00abFigaro\u00bf\u00bb von Christian Henking und Raphael Urweider.<\/strong><\/span><\/p>\n<p>\u00a0<\/p>\n<p><span style=\"font-family: arial,helvetica,sans-serif; font-size: small;\">Die in Biel uraufgef\u00fchrte Oper wird in der Franz-Liszt-Musikakademie (Liszt Ferenc Zenem\u0171v\u00e9szeti Egyetem) in Budapest gespielt. Die Bieler Premierenbesetzung wird erg\u00e4nzt von Marion Grange. J\u00fcrg Henneberger, der bereits die Bieler Urauff\u00fchrung dirigiert hatte, leitet das Pannon Philharmonic Orchester.<\/span><\/p>\n<p>\u00a0<\/p>\n<p><span style=\"font-family: arial,helvetica,sans-serif; font-size: small;\">Der Kultursender Arte wird die Auff\u00fchrung als Livestream \u00fcbertragen, zudem sind die ARTE-Zuschauer eingeladen, online f\u00fcr ihre Lieblingsproduktion abzustimmen. Detailinformationen hierzu finden sich auf der <a href=\"http:\/\/concert.arte.tv\/de\/figaro-von-christian-henking-auf-dem-armel-opera-festival\" target=\"_blank\" rel=\"noopener noreferrer\"> Website von Arte<\/a>.<\/span><\/p>\n<p>\u00a0<\/p>\n<p><span style=\"font-family: arial,helvetica,sans-serif; font-size: small;\">Theater Orchester Biel Solothurn hatte bereits 2011 mit Josef Myslive\u010deks Oper \u00abAntigona\u00bb am Armel Opera Festival teilgenommen. Damals wurde Raquel Camarinha f\u00fcr ihre Interpretation der Titelrolle mit dem mit 10\u2018000 Euro dotierten Grossen Preis ausgezeichnet, die Produktion gewann zudem den Publikumspreis von Arte. <em>(cf)<\/em><\/span><\/p>\n<p>\u00a0<\/p>\n","protected":false},"excerpt":{"rendered":"<p><span style=\"font-family: arial,helvetica,sans-serif; font-size: small;\">07.10.2014 &#8212; Theater Orchester Biel Solothurn macht diese Woche einen Abstecher nach Ungarn. Im Rahmen des Armel Opera Festival in Ungarn\u00a0 zeigt es die Oper \u00abFigaro\u00bf\u00bb von Christian Henking und Raphael Urweider.<\/span><\/p>\n","protected":false},"author":1,"featured_media":0,"comment_status":"open","ping_status":"open","sticky":false,"template":"","format":"standard","meta":{"footnotes":""},"categories":[2],"tags":[],"class_list":["post-1779","post","type-post","status-publish","format-standard","hentry","category-nachrichten","entry"],"_links":{"self":[{"href":"https:\/\/codexflores.ch\/index.php\/wp-json\/wp\/v2\/posts\/1779","targetHints":{"allow":["GET"]}}],"collection":[{"href":"https:\/\/codexflores.ch\/index.php\/wp-json\/wp\/v2\/posts"}],"about":[{"href":"https:\/\/codexflores.ch\/index.php\/wp-json\/wp\/v2\/types\/post"}],"author":[{"embeddable":true,"href":"https:\/\/codexflores.ch\/index.php\/wp-json\/wp\/v2\/users\/1"}],"replies":[{"embeddable":true,"href":"https:\/\/codexflores.ch\/index.php\/wp-json\/wp\/v2\/comments?post=1779"}],"version-history":[{"count":0,"href":"https:\/\/codexflores.ch\/index.php\/wp-json\/wp\/v2\/posts\/1779\/revisions"}],"wp:attachment":[{"href":"https:\/\/codexflores.ch\/index.php\/wp-json\/wp\/v2\/media?parent=1779"}],"wp:term":[{"taxonomy":"category","embeddable":true,"href":"https:\/\/codexflores.ch\/index.php\/wp-json\/wp\/v2\/categories?post=1779"},{"taxonomy":"post_tag","embeddable":true,"href":"https:\/\/codexflores.ch\/index.php\/wp-json\/wp\/v2\/tags?post=1779"}],"curies":[{"name":"wp","href":"https:\/\/api.w.org\/{rel}","templated":true}]}}