{"id":1785,"date":"2014-10-08T06:49:40","date_gmt":"2014-10-08T06:49:40","guid":{"rendered":"https:\/\/codexflores.ch\/index.php\/2014\/10\/08\/machtkaempfe-um-pariser-salle-pleyel\/"},"modified":"2014-10-08T06:49:40","modified_gmt":"2014-10-08T06:49:40","slug":"machtkaempfe-um-pariser-salle-pleyel","status":"publish","type":"post","link":"https:\/\/codexflores.ch\/index.php\/2014\/10\/08\/machtkaempfe-um-pariser-salle-pleyel\/","title":{"rendered":"Machtk\u00e4mpfe um Pariser Salle Pleyel"},"content":{"rendered":"<p><span style=\"font-family: arial,helvetica,sans-serif; font-size: small;\">08.10.2014 &#8212; Eigentlich war vorgesehen, dass die akustisch problematische Pariser Salle Pleyel nach der Einweihung der neuen Philharmonie umgenutzt wird. Eine \u00dcbernahme des Saales zu diesem Zweck durch die Cit\u00e9 de la musique hat ein Richter nun aber vorl\u00e4ufig \u00fcberraschend ausgesetzt.<\/span><\/p>\n<p><span style=\"font-family: arial,helvetica,sans-serif; font-size: small;\"><strong>08.10.2014 &#8212; Eigentlich war vorgesehen, dass die akustisch problematische Pariser Salle Pleyel nach der Einweihung der neuen Philharmonie umgenutzt wird. Eine \u00dcbernahme des Saales zu diesem Zweck durch die Cit\u00e9 de la musique hat ein Richter nun aber vorl\u00e4ufig \u00fcberraschend ausgesetzt.<\/strong><\/span><\/p>\n<p><span style=\"font-family: arial,helvetica,sans-serif; font-size: small;\">\u00a0<\/span><\/p>\n<p><span style=\"font-family: arial,helvetica,sans-serif; font-size: small;\">Der Deal ist offenbar auf Betreiben der Dirigentin Carla Maria Tarditi blockiert worden, der Ex-Gattin von Hubert Martigny, des Mitgr\u00fcnders der Altran Technologies, der 1998 die Firma Pleyel kaufte. Sie will den Saal weiterhin f\u00fcr klassische Konzerte genutzt sehen.<\/span><\/p>\n<p>\u00a0<\/p>\n<p><span style=\"font-family: arial,helvetica,sans-serif; font-size: small;\">Bei der Cit\u00e9 de Musique reagiert man laut einem Bericht von <em>Le Figaro<\/em> auf den Coup gelassen. Man bleibe Besitzerin des Saales und die Umnutzung sei mit den Pariser Kulturbeh\u00f6rden abgesprochen, um in Sachen klassische Konzerte in der Stadt ein \u00dcberangebot zu verhindern. <em>(cf)<\/em> <\/span><\/p>\n","protected":false},"excerpt":{"rendered":"<p><span style=\"font-family: arial,helvetica,sans-serif; font-size: small;\">08.10.2014 &#8212; Eigentlich war vorgesehen, dass die akustisch problematische Pariser Salle Pleyel nach der Einweihung der neuen Philharmonie umgenutzt wird. Eine \u00dcbernahme des Saales zu diesem Zweck durch die Cit\u00e9 de la musique hat ein Richter nun aber vorl\u00e4ufig \u00fcberraschend ausgesetzt.<\/span><\/p>\n","protected":false},"author":1,"featured_media":0,"comment_status":"open","ping_status":"open","sticky":false,"template":"","format":"standard","meta":{"footnotes":""},"categories":[2],"tags":[],"class_list":["post-1785","post","type-post","status-publish","format-standard","hentry","category-nachrichten","entry"],"_links":{"self":[{"href":"https:\/\/codexflores.ch\/index.php\/wp-json\/wp\/v2\/posts\/1785","targetHints":{"allow":["GET"]}}],"collection":[{"href":"https:\/\/codexflores.ch\/index.php\/wp-json\/wp\/v2\/posts"}],"about":[{"href":"https:\/\/codexflores.ch\/index.php\/wp-json\/wp\/v2\/types\/post"}],"author":[{"embeddable":true,"href":"https:\/\/codexflores.ch\/index.php\/wp-json\/wp\/v2\/users\/1"}],"replies":[{"embeddable":true,"href":"https:\/\/codexflores.ch\/index.php\/wp-json\/wp\/v2\/comments?post=1785"}],"version-history":[{"count":0,"href":"https:\/\/codexflores.ch\/index.php\/wp-json\/wp\/v2\/posts\/1785\/revisions"}],"wp:attachment":[{"href":"https:\/\/codexflores.ch\/index.php\/wp-json\/wp\/v2\/media?parent=1785"}],"wp:term":[{"taxonomy":"category","embeddable":true,"href":"https:\/\/codexflores.ch\/index.php\/wp-json\/wp\/v2\/categories?post=1785"},{"taxonomy":"post_tag","embeddable":true,"href":"https:\/\/codexflores.ch\/index.php\/wp-json\/wp\/v2\/tags?post=1785"}],"curies":[{"name":"wp","href":"https:\/\/api.w.org\/{rel}","templated":true}]}}