{"id":1787,"date":"2014-10-09T05:50:43","date_gmt":"2014-10-09T05:50:43","guid":{"rendered":"https:\/\/codexflores.ch\/index.php\/2014\/10\/09\/opernprojekt-2016-der-tiroler-festspiele-erl\/"},"modified":"2014-10-09T05:50:43","modified_gmt":"2014-10-09T05:50:43","slug":"opernprojekt-2016-der-tiroler-festspiele-erl","status":"publish","type":"post","link":"https:\/\/codexflores.ch\/index.php\/2014\/10\/09\/opernprojekt-2016-der-tiroler-festspiele-erl\/","title":{"rendered":"Opernprojekt 2016 der Tiroler Festspiele Erl"},"content":{"rendered":"<p><span style=\"font-family: arial,helvetica,sans-serif; font-size: small;\">09.10.2014 &#8212; Die Tiroler Festspiele Erl wollen im Sommer 2016 an die Urauff\u00fchrung von <em>El Juez<\/em> mit Jos\u00e9 Carreras im vergangenen August ankn\u00fcpfen. Uraufgef\u00fchrt werden soll <em>La Capinera<\/em> &#8211; eine Oper in zwei Akten, geschrieben vom italienischen Songtexter Mogol und komponiert von Gianni Bella, der unter anderem f\u00fcr Adriano Celentano Hits geschrieben hat.<\/span><\/p>\n<p><span style=\"font-family: arial,helvetica,sans-serif; font-size: small;\"><strong>09.10.2014 &#8212; Die Tiroler Festspiele Erl wollen im Sommer 2016 an die Urauff\u00fchrung von <em>El Juez<\/em> mit Jos\u00e9 Carreras im vergangenen August ankn\u00fcpfen. Uraufgef\u00fchrt werden soll <em>La Capinera<\/em> &#8211; eine Oper in zwei Akten, geschrieben vom italienischen Songtexter Mogol und komponiert von Gianni Bella, der unter anderem f\u00fcr Adriano Celentano Hits geschrieben hat.<\/strong><\/span><\/p>\n<p><span style=\"font-family: arial,helvetica,sans-serif; font-size: small;\">\u00a0<\/span><\/p>\n<p><span style=\"font-family: arial,helvetica,sans-serif; font-size: small;\"><em>La Capinera<\/em> basiert auf dem Roman <em>Storia di una Capinera<\/em> (Geschichte einer M\u00f6nchsgrasm\u00fccke) von Giovanni Verga, mit dem der italienische Schriftsteller 1871 seinen Durchbruch feierte. Thema ist die \u00fcberw\u00e4ltigende Leidenschaft, die nicht selten t\u00f6dlich endet. Literaturwissenschaftler s\u00e4hen heute in dem Werk einen stilistischen Vorgriff auf den sp\u00e4ter sich entwickelnden Realismus, schreiben die Festspiele, der in der Oper 1890 in Mascagnis <em>Cavalleria Rusticana<\/em> seinen H\u00f6hepunkt erreicht habe.<\/span><\/p>\n<p>\u00a0<\/p>\n<p><span style=\"font-family: arial,helvetica,sans-serif; font-size: small;\">Das Libretto zu den Arien schreibt laut der Mitteilung der Festspiele der Drehbuchautor Giuseppe Fulcheri. Im Team finden sich \u00fcberdies der Komponist Angelo di Montegral und der Jazzmusiker Eduardo Maffei, die das Werk auf die Bed\u00fcrfnisse\u00a0 der Tiroler Festspiele Erl abstimmen sollen. Maffei hat sich bei den vergangenen Festspielen im Sommer mit der Ring-Session sowie einem Jazz-Abend in der Kammermusikreihe vorgestellt. Der Dirigent und Festpielleiter Gustav Kuhn wird die k\u00fcnstlerische Leitung \u00fcbernehmen.<em> (cf)<\/em><\/span><\/p>\n<p>\u00a0<\/p>\n<p><span style=\"font-family: arial,helvetica,sans-serif; font-size: small;\">\u00a0<\/span><\/p>\n<p>\u00a0<\/p>\n","protected":false},"excerpt":{"rendered":"<p><span style=\"font-family: arial,helvetica,sans-serif; font-size: small;\">09.10.2014 &#8212; Die Tiroler Festspiele Erl wollen im Sommer 2016 an die Urauff\u00fchrung von <em>El Juez<\/em> mit Jos\u00e9 Carreras im vergangenen August ankn\u00fcpfen. Uraufgef\u00fchrt werden soll <em>La Capinera<\/em> &#8211; eine Oper in zwei Akten, geschrieben vom italienischen Songtexter Mogol und komponiert von Gianni Bella, der unter anderem f\u00fcr Adriano Celentano Hits geschrieben hat.<\/span><\/p>\n","protected":false},"author":1,"featured_media":0,"comment_status":"open","ping_status":"open","sticky":false,"template":"","format":"standard","meta":{"footnotes":""},"categories":[2],"tags":[],"class_list":["post-1787","post","type-post","status-publish","format-standard","hentry","category-nachrichten","entry"],"_links":{"self":[{"href":"https:\/\/codexflores.ch\/index.php\/wp-json\/wp\/v2\/posts\/1787","targetHints":{"allow":["GET"]}}],"collection":[{"href":"https:\/\/codexflores.ch\/index.php\/wp-json\/wp\/v2\/posts"}],"about":[{"href":"https:\/\/codexflores.ch\/index.php\/wp-json\/wp\/v2\/types\/post"}],"author":[{"embeddable":true,"href":"https:\/\/codexflores.ch\/index.php\/wp-json\/wp\/v2\/users\/1"}],"replies":[{"embeddable":true,"href":"https:\/\/codexflores.ch\/index.php\/wp-json\/wp\/v2\/comments?post=1787"}],"version-history":[{"count":0,"href":"https:\/\/codexflores.ch\/index.php\/wp-json\/wp\/v2\/posts\/1787\/revisions"}],"wp:attachment":[{"href":"https:\/\/codexflores.ch\/index.php\/wp-json\/wp\/v2\/media?parent=1787"}],"wp:term":[{"taxonomy":"category","embeddable":true,"href":"https:\/\/codexflores.ch\/index.php\/wp-json\/wp\/v2\/categories?post=1787"},{"taxonomy":"post_tag","embeddable":true,"href":"https:\/\/codexflores.ch\/index.php\/wp-json\/wp\/v2\/tags?post=1787"}],"curies":[{"name":"wp","href":"https:\/\/api.w.org\/{rel}","templated":true}]}}