{"id":1788,"date":"2014-10-09T06:10:25","date_gmt":"2014-10-09T06:10:25","guid":{"rendered":"https:\/\/codexflores.ch\/index.php\/2014\/10\/09\/intendant-schlee-verlaesst-carinthischen-sommer\/"},"modified":"2014-10-09T06:10:25","modified_gmt":"2014-10-09T06:10:25","slug":"intendant-schlee-verlaesst-carinthischen-sommer","status":"publish","type":"post","link":"https:\/\/codexflores.ch\/index.php\/2014\/10\/09\/intendant-schlee-verlaesst-carinthischen-sommer\/","title":{"rendered":"Intendant Schlee verl\u00e4sst Carinthischen Sommer"},"content":{"rendered":"<p><span style=\"font-family: arial,helvetica,sans-serif; font-size: small;\">09.10.2014 &#8212; Je nach Lesart verl\u00e4sst der Intendant Daniel Schlee das \u00f6sterreichische Festival Carinthischer Sommer oder er wird vom Festival entlassen. So oder so wird der Entscheid, der bereits feststeht, aber ohnehin erst im November gef\u00e4llt.<\/span><\/p>\n<p><span style=\"font-family: arial,helvetica,sans-serif; font-size: small;\"><strong>09.10.2014 &#8212; Je nach Lesart verl\u00e4sst der Intendant Daniel Schlee das \u00f6sterreichische Festival Carinthischer Sommer oder er wird vom Festival entlassen. So oder so wird der Entscheid, der bereits feststeht, aber ohnehin erst im November gef\u00e4llt.<\/strong><\/span><\/p>\n<p>\u00a0<\/p>\n<p><span style=\"font-family: arial,helvetica,sans-serif; font-size: small;\">Laut lokalen Pressemeldungen erscheint Schlee \u00abaufgrund der budget\u00e4ren und organisatorischen N\u00f6te des Festivals sowie des neuen Drei-Jahres-F\u00f6rdervertrags die Fortsetzung seiner Arbeit nicht m\u00f6glich\u00bb. W\u00e4hrend <em>Der Standard<\/em> von einem Intendanten spricht, der resigniert habe, schreibt die <em>Kleine Zeitung<\/em>, das Festival trenne sich aufgrund von \u00abDifferenzen \u00fcber Strukturanpassungen\u00bb von ihm.<\/span><\/p>\n<p>\u00a0<\/p>\n<p><span style=\"font-family: arial,helvetica,sans-serif; font-size: small;\">So oder so ist die Trennung vorzeitig bekanntgeworden. Offiziell wird die Trennung erst am 7. November in der Generalversammlung vorgeschlagen. F\u00fcr das Programm 2015 werde noch Schlee verantwortlich sein, die Intendanz f\u00fcr die Zeit ab 2016 soll so bald wie m\u00f6glich ausgeschrieben werden, schreibt die <em>Kleine Zeitung<\/em> weiter. <em>(cf)<\/em><\/span><\/p>\n<p>\u00a0<\/p>\n","protected":false},"excerpt":{"rendered":"<p><span style=\"font-family: arial,helvetica,sans-serif; font-size: small;\">09.10.2014 &#8212; Je nach Lesart verl\u00e4sst der Intendant Daniel Schlee das \u00f6sterreichische Festival Carinthischer Sommer oder er wird vom Festival entlassen. So oder so wird der Entscheid, der bereits feststeht, aber ohnehin erst im November gef\u00e4llt.<\/span><\/p>\n","protected":false},"author":1,"featured_media":0,"comment_status":"open","ping_status":"open","sticky":false,"template":"","format":"standard","meta":{"footnotes":""},"categories":[2],"tags":[],"class_list":["post-1788","post","type-post","status-publish","format-standard","hentry","category-nachrichten","entry"],"_links":{"self":[{"href":"https:\/\/codexflores.ch\/index.php\/wp-json\/wp\/v2\/posts\/1788","targetHints":{"allow":["GET"]}}],"collection":[{"href":"https:\/\/codexflores.ch\/index.php\/wp-json\/wp\/v2\/posts"}],"about":[{"href":"https:\/\/codexflores.ch\/index.php\/wp-json\/wp\/v2\/types\/post"}],"author":[{"embeddable":true,"href":"https:\/\/codexflores.ch\/index.php\/wp-json\/wp\/v2\/users\/1"}],"replies":[{"embeddable":true,"href":"https:\/\/codexflores.ch\/index.php\/wp-json\/wp\/v2\/comments?post=1788"}],"version-history":[{"count":0,"href":"https:\/\/codexflores.ch\/index.php\/wp-json\/wp\/v2\/posts\/1788\/revisions"}],"wp:attachment":[{"href":"https:\/\/codexflores.ch\/index.php\/wp-json\/wp\/v2\/media?parent=1788"}],"wp:term":[{"taxonomy":"category","embeddable":true,"href":"https:\/\/codexflores.ch\/index.php\/wp-json\/wp\/v2\/categories?post=1788"},{"taxonomy":"post_tag","embeddable":true,"href":"https:\/\/codexflores.ch\/index.php\/wp-json\/wp\/v2\/tags?post=1788"}],"curies":[{"name":"wp","href":"https:\/\/api.w.org\/{rel}","templated":true}]}}