{"id":1793,"date":"2014-10-10T05:57:50","date_gmt":"2014-10-10T05:57:50","guid":{"rendered":"https:\/\/codexflores.ch\/index.php\/2014\/10\/10\/oe1-kompositionspreis-fuer-juan-de-dios-magdaleno\/"},"modified":"2014-10-10T05:57:50","modified_gmt":"2014-10-10T05:57:50","slug":"oe1-kompositionspreis-fuer-juan-de-dios-magdaleno","status":"publish","type":"post","link":"https:\/\/codexflores.ch\/index.php\/2014\/10\/10\/oe1-kompositionspreis-fuer-juan-de-dios-magdaleno\/","title":{"rendered":"\u00d61-Kompositionspreis f\u00fcr Juan de Dios Magdaleno"},"content":{"rendered":"<p><span style=\"font-family: arial,helvetica,sans-serif; font-size: small;\">10.10.2014 &#8212; Juan de Dios Magdaleno ist der Sieger des \u00d61 Talenteb\u00f6rse Kompositionspreises 2014. Der mit 10&#8217;000 Euro dotierte Preis ist von \u00d61, der Oesterreichischen Nationalbank (OeNB) und der Universal Edition zum vierten Mal vergeben worden.<\/span><\/p>\n<p><span style=\"font-family: arial,helvetica,sans-serif; font-size: small;\"><strong>10.10.2014 &#8212; Juan de Dios Magdaleno ist der Sieger des \u00d61 Talenteb\u00f6rse Kompositionspreises 2014. Der mit 10&#8217;000 Euro dotierte Preis ist von \u00d61, der Oesterreichischen Nationalbank (OeNB) und der Universal Edition zum vierten Mal vergeben worden.<\/strong><\/span><\/p>\n<p><span style=\"font-family: arial,helvetica,sans-serif; font-size: small;\">\u00a0<\/span><\/p>\n<p><span style=\"font-family: arial,helvetica,sans-serif; font-size: small;\">Der 1984 in Mexiko geborene Juan de Dios Magdaleno hat am Konservatorium von Amsterdam bei Fabio Nieder und Richard Ayres studiert und seine Studien 2014 Graz bei Gerd K\u00fchr mit einem Master abgeschlossen. Er ist unter anderem Gewinner des ersten Preises des <span style=\"text-decoration: none; font-style: normal; font-weight: 400; color: #555555;\">Internationalen Lutoslawski Wettbewerbs 2008 in Polen. <\/span><\/span><\/p>\n<p><span style=\"font-family: arial,helvetica,sans-serif; font-size: small;\">\u00a0<\/span><\/p>\n<p><span style=\"font-family: arial,helvetica,sans-serif; font-size: small;\">Die <span style=\"font-family: arial,helvetica,sans-serif; font-size: small;\">\u00d61 Talenteb\u00f6rse<\/span>-F\u00f6rderung ist f\u00fcr Komposition-Studierende der f\u00fcnf \u00f6sterreichischen Musik-Universit\u00e4ten in Wien, Linz, Salzburg und Graz ausgeschrieben.\u00a0<span style=\"font-family: arial,helvetica,sans-serif; font-size: small;\">Juan de Dios Magdaleno<\/span> wird durch die Kooperation mit der Universal Edition in Zukunft auch im Verlagsprogramm vertreten sein.\u00a0 <em>(cf)<\/em><\/span><\/p>\n<p><span style=\"font-family: arial,helvetica,sans-serif; font-size: small;\">\u00a0<\/span><\/p>\n","protected":false},"excerpt":{"rendered":"<p><span style=\"font-family: arial,helvetica,sans-serif; font-size: small;\">10.10.2014 &#8212; Juan de Dios Magdaleno ist der Sieger des \u00d61 Talenteb\u00f6rse Kompositionspreises 2014. Der mit 10&#8217;000 Euro dotierte Preis ist von \u00d61, der Oesterreichischen Nationalbank (OeNB) und der Universal Edition zum vierten Mal vergeben worden.<\/span><\/p>\n","protected":false},"author":1,"featured_media":0,"comment_status":"open","ping_status":"open","sticky":false,"template":"","format":"standard","meta":{"footnotes":""},"categories":[2],"tags":[],"class_list":["post-1793","post","type-post","status-publish","format-standard","hentry","category-nachrichten","entry"],"_links":{"self":[{"href":"https:\/\/codexflores.ch\/index.php\/wp-json\/wp\/v2\/posts\/1793","targetHints":{"allow":["GET"]}}],"collection":[{"href":"https:\/\/codexflores.ch\/index.php\/wp-json\/wp\/v2\/posts"}],"about":[{"href":"https:\/\/codexflores.ch\/index.php\/wp-json\/wp\/v2\/types\/post"}],"author":[{"embeddable":true,"href":"https:\/\/codexflores.ch\/index.php\/wp-json\/wp\/v2\/users\/1"}],"replies":[{"embeddable":true,"href":"https:\/\/codexflores.ch\/index.php\/wp-json\/wp\/v2\/comments?post=1793"}],"version-history":[{"count":0,"href":"https:\/\/codexflores.ch\/index.php\/wp-json\/wp\/v2\/posts\/1793\/revisions"}],"wp:attachment":[{"href":"https:\/\/codexflores.ch\/index.php\/wp-json\/wp\/v2\/media?parent=1793"}],"wp:term":[{"taxonomy":"category","embeddable":true,"href":"https:\/\/codexflores.ch\/index.php\/wp-json\/wp\/v2\/categories?post=1793"},{"taxonomy":"post_tag","embeddable":true,"href":"https:\/\/codexflores.ch\/index.php\/wp-json\/wp\/v2\/tags?post=1793"}],"curies":[{"name":"wp","href":"https:\/\/api.w.org\/{rel}","templated":true}]}}