{"id":1795,"date":"2014-10-10T09:29:03","date_gmt":"2014-10-10T09:29:03","guid":{"rendered":"https:\/\/codexflores.ch\/index.php\/2014\/10\/10\/neue-zeitschrift-fuer-musik-heft-5-2014\/"},"modified":"2014-10-10T09:29:03","modified_gmt":"2014-10-10T09:29:03","slug":"neue-zeitschrift-fuer-musik-heft-5-2014","status":"publish","type":"post","link":"https:\/\/codexflores.ch\/index.php\/2014\/10\/10\/neue-zeitschrift-fuer-musik-heft-5-2014\/","title":{"rendered":"Neue Zeitschrift f\u00fcr Musik  Heft # 5_2014"},"content":{"rendered":"<p><img decoding=\"async\" src=\"images\/zeitschriften_covers\/nzfm514.jpg\" border=\"0\" alt=\"Cover Zeitschrift\" width=\"70\" style=\"float: left; margin: 8px;\" \/>Herausgegeben von Schott Music, Mainz<\/p>\n<p> <strong>Thema: Fake <\/strong><\/p>\n<p> <strong>Bazon Brock <\/strong><br \/> Faken als Erkenntnismittel. Die L\u00fcgner retten die Wahrheit, denn nur das als solches erkannte Falsche ist noch wahr <\/p>\n<p> <strong>Johannes Ullmaier <\/strong><br \/> Als das Faken noch geholfen hat. Von der Verlorenheit der Popmoderne in ihrer eigenen Hegemonie. Am Beispiel \u00abFraktus\u00bb <\/p>\n<p> <strong>Konrad Boehmer <\/strong><br \/> Glaube, Hoffnung und L\u00fcge. Musik kann nicht l\u00fcgen. Die sie umgebende Gesellschaft schon <\/p>\n<p> <strong>Georg Klein <\/strong><br \/> Drehung im Kopf. Fake als subversive k\u00fcnstlerische Strategie <\/p>\n<p> <strong>Cherry Bernstein <\/strong><br \/> The Fake as More <\/p>\n<p> <strong>Raphael Smarzoch <\/strong><br \/> Klingende Legenden. Sounds zwischen Inszenierung und Authentizit\u00e4t <\/p>\n<p> <strong>Patrick Frank <\/strong><br \/> Realit\u00e4tsinseln. Die Verschmelzung von Kunst und Alltag in einer unter Fakeverdacht stehenden Realit\u00e4t <\/p>\n<p> <strong>Im Weiteren: <\/strong><\/p>\n<p> <strong>Elisabeth Schwind <\/strong><br \/> \u00abSelbst Insider werden \u00fcberrascht sein.\u00bb Gespr\u00e4ch mit Armin K\u00f6hler \u00fcber die diesj\u00e4hrigen Donaueschinger Musiktage <\/p>\n<p> <strong>Rainer Nonnenmann <\/strong><br \/> Pro und Kontra Bass. Sebastian Gramss\u2019 Projekt \u00abThinking of \u2026\u00bb ehrt den 2012 verstorbenen Stefano Scodanibbio <\/p>\n<p> <strong>Martin Zenck<\/strong><br \/> \u00abDie Arbeit des Dichters ist eine am Blatt\u00bb. Manos Tsangaris\u2019 neues Musiktheater \u00abKarl May. Raum der Wahrheit\u00bb nach einem Libretto des Schriftstellers Marcel Beyer<\/p>\n<p> <strong>Christoph Wagner <\/strong><br \/> Erkundung in Klang und Rhythmus. Gespr\u00e4ch mit dem deutschen Jazzmusiker Karl Berger <\/p>\n<p> <strong>Stefan Drees <\/strong><br \/> Jenseits ausgetretener Pfade. Die Produktionen des Labels Testklang <\/p>\n<p> <strong>Johannes Ullmaier <\/strong><br \/> Die Welt ist eine Scheibe. Die weltgr\u00f6sste Plattenb\u00f6rse \u00abMega Record &amp; CD Fair\u00bb in Utrecht <\/p>\n<p> <strong>Daniel Ender <\/strong><br \/> Es wohnt ein Ton in allen R\u00e4umen. \u00dcberlegungen zum Verh\u00e4ltnis von Kl\u00e4ngen und Orten sowie zum auskomponierten H\u00f6ren bei Beat Furrer<\/p>\n<p> <strong>Herbert Glossner <\/strong><br \/> Aufbruchsstimmungen. Mit dem \u00abResonanzraum\u00bb erh\u00e4lt Hamburgs umtriebigstes Ensemble einen festen Spielplatz <\/p>\n<p> <strong>Maria Kostakeva <\/strong><br \/> Eine Metapher der Welt.In \u00abDeep Field\u00bb loten Adriana H\u00f6lszky und Martin Schl\u00e4pfer Fragen der menschlichen Existenz in Klang und Bewegung aus <\/p>\n<p> <strong>Thomas Meyer<\/strong><br \/> Auf den Spuren Karls des Grossen. Das Festival Origen setzt seit Jahren ungew\u00f6hnliche Akzente in die Kulturlandschaft Graub\u00fcndens <\/p>\n<p> Notizen, Berichte<br \/> Feedback<br \/> Rezensionen<br \/> Urauff\u00fchrungen<br \/> Bilder + T\u00f6ne<\/p>\n","protected":false},"excerpt":{"rendered":"<p>Herausgegeben von Schott Music, Mainz Thema: Fake Bazon Brock Faken als Erkenntnismittel. Die L\u00fcgner retten die Wahrheit, denn nur das&#8230;<\/p>\n","protected":false},"author":1,"featured_media":0,"comment_status":"open","ping_status":"open","sticky":false,"template":"","format":"standard","meta":{"footnotes":""},"categories":[10],"tags":[],"class_list":["post-1795","post","type-post","status-publish","format-standard","hentry","category-fachzeitschriften","entry"],"_links":{"self":[{"href":"https:\/\/codexflores.ch\/index.php\/wp-json\/wp\/v2\/posts\/1795","targetHints":{"allow":["GET"]}}],"collection":[{"href":"https:\/\/codexflores.ch\/index.php\/wp-json\/wp\/v2\/posts"}],"about":[{"href":"https:\/\/codexflores.ch\/index.php\/wp-json\/wp\/v2\/types\/post"}],"author":[{"embeddable":true,"href":"https:\/\/codexflores.ch\/index.php\/wp-json\/wp\/v2\/users\/1"}],"replies":[{"embeddable":true,"href":"https:\/\/codexflores.ch\/index.php\/wp-json\/wp\/v2\/comments?post=1795"}],"version-history":[{"count":0,"href":"https:\/\/codexflores.ch\/index.php\/wp-json\/wp\/v2\/posts\/1795\/revisions"}],"wp:attachment":[{"href":"https:\/\/codexflores.ch\/index.php\/wp-json\/wp\/v2\/media?parent=1795"}],"wp:term":[{"taxonomy":"category","embeddable":true,"href":"https:\/\/codexflores.ch\/index.php\/wp-json\/wp\/v2\/categories?post=1795"},{"taxonomy":"post_tag","embeddable":true,"href":"https:\/\/codexflores.ch\/index.php\/wp-json\/wp\/v2\/tags?post=1795"}],"curies":[{"name":"wp","href":"https:\/\/api.w.org\/{rel}","templated":true}]}}