{"id":1799,"date":"2014-10-13T10:39:42","date_gmt":"2014-10-13T10:39:42","guid":{"rendered":"https:\/\/codexflores.ch\/index.php\/2014\/10\/13\/zwei-urauffuehrungen-von-fabian-mueller-in-zuerich\/"},"modified":"2014-10-13T10:39:42","modified_gmt":"2014-10-13T10:39:42","slug":"zwei-urauffuehrungen-von-fabian-mueller-in-zuerich","status":"publish","type":"post","link":"https:\/\/codexflores.ch\/index.php\/2014\/10\/13\/zwei-urauffuehrungen-von-fabian-mueller-in-zuerich\/","title":{"rendered":"Zwei Urauff\u00fchrungen von Fabian M\u00fcller in Z\u00fcrich"},"content":{"rendered":"<p><span style=\"font-family: arial,helvetica,sans-serif; font-size: small;\">13.10.2014 &#8212; Von B\u00e9la Bart\u00f3ks Divertimento f\u00fcr Streichorchester (1939) und Mozarts \u00abJupiter-Sinfonie\u00bb KV 551 umrahmt, bildeten zwei neue Werke von Fabian M\u00fcller (*1964), in Urauff\u00fchrung dargeboten, die Hauptattraktion eines sehr konstrastreichen Konzerts mit dem Weinberger Kammerorchester in der Tonhalle Z\u00fcrich.<\/span><\/p>\n<p><span style=\"font-family: arial,helvetica,sans-serif; font-size: small;\"><strong>13.10.2014 &#8212; Von B\u00e9la Bart\u00f3ks Divertimento f\u00fcr Streichorchester (1939) und Mozarts \u00abJupiter-Sinfonie\u00bb KV 551 umrahmt, bildeten zwei neue Werke von Fabian M\u00fcller (*1964), in Urauff\u00fchrung dargeboten, die Hauptattraktion eines sehr konstrastreichen Konzerts mit dem Weinberger Kammerorchester in der Tonhalle Z\u00fcrich.<\/strong><\/span><\/p>\n<p>\u00a0<\/p>\n<p style=\"text-align: center;\"><span style=\"font-family: arial,helvetica,sans-serif; font-size: small;\"><em>Von Walter Labhart<\/em><\/span><\/p>\n<p><span style=\"font-family: arial,helvetica,sans-serif; font-size: small;\">\u00a0<\/span><\/p>\n<p><span style=\"font-family: arial,helvetica,sans-serif; font-size: small;\">Bez\u00fcglich Besetzung und stilistischer Ausrichtung h\u00e4tten die Gegens\u00e4tze kaum gr\u00f6sser sein k\u00f6nnen. Galt dies schon f\u00fcr den von Bart\u00f3k und Mozart gebildeten Rahmen, so erst recht f\u00fcr die beiden Novit\u00e4ten von Fabian M\u00fcller. Dem dreis\u00e4tzigen Konzert f\u00fcr Vibraphon und Orchester stand mit \u00abClatterclank\u00bb f\u00fcr kleine Trommel und Streichorchester ein kurzes, jedoch nicht weniger effektvolles St\u00fcck gegen\u00fcber, das einer ganz anderen Klangwelt angeh\u00f6rt.<\/span><\/p>\n<p><span style=\"font-family: arial,helvetica,sans-serif; font-size: small;\">\u00a0<\/span><\/p>\n<p><span style=\"font-family: arial,helvetica,sans-serif; font-size: small;\"><strong>Hommage \u00e0 Jean Tinguely<\/strong><\/span><\/p>\n<p><span style=\"font-family: arial,helvetica,sans-serif; font-size: small;\">\u00a0<\/span><\/p>\n<p><span style=\"font-family: arial,helvetica,sans-serif; font-size: small;\">Der mit f\u00fcnfzig Jahren unver\u00e4ndert experimentierfreudige Schweizer Komponist liess sich in \u00abClatterclank\u00bb, einer \u00abHommage an Jean Tinguely\u00bb, von dessen speziellen Kl\u00e4ngen und Ger\u00e4uschen der Skulpturen inspirieren. In seinem Einf\u00fchrungstext bemerkt M\u00fcller, dass sich in Tinguelys \u00abPlateau agriculturel\u00bb eine rasselnde Kette auf und ab bewegt. Eine solche Metallkette fehlte demnach in der originellen Komposition ebenso wenig wie die Imitation von knarrenden R\u00e4derger\u00e4uschen und anderen maschinell erzeugten Kl\u00e4ngen, die dem Rasseln und Klirren im englischen Werktitel gerecht werden.<\/span><\/p>\n<p><span style=\"font-family: arial,helvetica,sans-serif; font-size: small;\">\u00a0<\/span><\/p>\n<p><span style=\"font-family: arial,helvetica,sans-serif; font-size: small;\">Wie die humorvolle Huldigung an Tinguely ist auch das ernsthaftere, jedoch nicht weniger unterhaltsame Konzert f\u00fcr Vibraphon und Orchester der Solistin der Urauff\u00fchrung, der britischen Schlagzeugerin Evelyn Glennie, f\u00f6rmlich auf den Leib geschrieben. Da ihre virtuosen Interpretationen jeweils performativen Charakter tragen, komponierte M\u00fcller das gestische Element raffiniert mit, um das Vibraphon entsprechend vielf\u00e4ltig und effektvoll einzusetzen. Zum Genuss der schon im dramatischen Kopfsatz stark von melodischen Einf\u00e4llen gepr\u00e4gten Musik gesellte sich der Reiz einer mitunter beschw\u00f6renden Aktion einer Vollblutmusikerin von hinreissendem Temperament.<\/span><\/p>\n<p><span style=\"font-family: arial,helvetica,sans-serif; font-size: small;\">\u00a0<\/span><\/p>\n<p><span style=\"font-family: arial,helvetica,sans-serif; font-size: small;\"><strong>Sph\u00e4renkl\u00e4nge<\/strong><\/span><\/p>\n<p><span style=\"font-family: arial,helvetica,sans-serif; font-size: small;\">\u00a0<\/span><\/p>\n<p><span style=\"font-family: arial,helvetica,sans-serif; font-size: small;\">F\u00fcr eine grosse \u00dcberraschung sorgte der am Aspen Music Festival in Colorado (USA) u.a. von Jacob Druckman und Bernard Rands ausgebildete Komponist im ruhigen Mittelsatz. Seinen Worten zufolge bringt dieser die \u00ab\u00fcberirdischen\u00bb Qualit\u00e4ten des Soloinstruments in \u00absph\u00e4rischen Kl\u00e4ngen und geheimnisvoll-mystischen Stimmungen\u00bb zum Ausdruck, w\u00e4hrend das rasante Finale, ein Rondo scherzando, mit perkussiver Brillanz fesselt. Die immer noch schmale Literatur f\u00fcr Vibraphon und Orchester ist mit Fabian M\u00fcllers rhythmisch differenziertem und expressivem Konzert um ein geistvolles Meisterwerk reicher geworden.\u00a0<\/span><\/p>\n<p><span style=\"font-family: arial,helvetica,sans-serif; font-size: small;\">\u00a0<\/span><\/p>\n<p><span style=\"font-family: arial,helvetica,sans-serif; font-size: small;\">Evelyne Glennie und das von G\u00e1bor Tak\u00e1cs-Nagy mit viel Leidenschaft angespornte Weinberger Kammerorchester, das sich in allen vier Werken durch ausgefeilte, intensiv musizierte Interpretationen auszeichnete, boten in den vom Publikum mit Begeisterung aufgenommenen Urauff\u00fchrungen ein rhythmisches und klangliches Feuerwerk der Spitzenklasse.<\/span><\/p>\n<p><span style=\"font-family: arial,helvetica,sans-serif; font-size: small;\"><\/p>\n<p><strong>Info:<\/strong><\/span><br \/>Konzert des Weinberger Kammerorchesters. Dienstag, 7. Oktober, Tonhalle Z\u00fcrich. Dieser Beitrag von Walter Labhart wurde uns freundlicherweise von Fabian M\u00fcller zur Verf\u00fcgung gestellt.<\/p>\n","protected":false},"excerpt":{"rendered":"<p><span style=\"font-family: arial,helvetica,sans-serif; font-size: small;\">13.10.2014 &#8212; Von B\u00e9la Bart\u00f3ks Divertimento f\u00fcr Streichorchester (1939) und Mozarts \u00abJupiter-Sinfonie\u00bb KV 551 umrahmt, bildeten zwei neue Werke von Fabian M\u00fcller (*1964), in Urauff\u00fchrung dargeboten, die Hauptattraktion eines sehr konstrastreichen Konzerts mit dem Weinberger Kammerorchester in der Tonhalle Z\u00fcrich.<\/span><\/p>\n","protected":false},"author":1,"featured_media":0,"comment_status":"open","ping_status":"open","sticky":false,"template":"","format":"standard","meta":{"footnotes":""},"categories":[12],"tags":[],"class_list":["post-1799","post","type-post","status-publish","format-standard","hentry","category-ereignisbesprechungen","entry"],"_links":{"self":[{"href":"https:\/\/codexflores.ch\/index.php\/wp-json\/wp\/v2\/posts\/1799","targetHints":{"allow":["GET"]}}],"collection":[{"href":"https:\/\/codexflores.ch\/index.php\/wp-json\/wp\/v2\/posts"}],"about":[{"href":"https:\/\/codexflores.ch\/index.php\/wp-json\/wp\/v2\/types\/post"}],"author":[{"embeddable":true,"href":"https:\/\/codexflores.ch\/index.php\/wp-json\/wp\/v2\/users\/1"}],"replies":[{"embeddable":true,"href":"https:\/\/codexflores.ch\/index.php\/wp-json\/wp\/v2\/comments?post=1799"}],"version-history":[{"count":0,"href":"https:\/\/codexflores.ch\/index.php\/wp-json\/wp\/v2\/posts\/1799\/revisions"}],"wp:attachment":[{"href":"https:\/\/codexflores.ch\/index.php\/wp-json\/wp\/v2\/media?parent=1799"}],"wp:term":[{"taxonomy":"category","embeddable":true,"href":"https:\/\/codexflores.ch\/index.php\/wp-json\/wp\/v2\/categories?post=1799"},{"taxonomy":"post_tag","embeddable":true,"href":"https:\/\/codexflores.ch\/index.php\/wp-json\/wp\/v2\/tags?post=1799"}],"curies":[{"name":"wp","href":"https:\/\/api.w.org\/{rel}","templated":true}]}}