{"id":1800,"date":"2014-10-14T05:44:10","date_gmt":"2014-10-14T05:44:10","guid":{"rendered":"https:\/\/codexflores.ch\/index.php\/2014\/10\/14\/universitaet-der-kuenste-berlin-ehrt-julius-stern\/"},"modified":"2014-10-14T05:44:10","modified_gmt":"2014-10-14T05:44:10","slug":"universitaet-der-kuenste-berlin-ehrt-julius-stern","status":"publish","type":"post","link":"https:\/\/codexflores.ch\/index.php\/2014\/10\/14\/universitaet-der-kuenste-berlin-ehrt-julius-stern\/","title":{"rendered":"Universit\u00e4t der K\u00fcnste Berlin ehrt Julius Stern"},"content":{"rendered":"<p><span style=\"font-family: arial,helvetica,sans-serif; font-size: small;\">14.10.2014 &#8212; Zu Ehren des Gr\u00fcnders des Stern\u2019schen Konservatoriums Julius Stern in Berlin wird am 16. Oktober um 10.30 Uhr am ehemaligen Wohnhaus des K\u00fcnstlers in der Friedrichstr. 214 eine Gedenktafel angebracht.<\/span><\/p>\n<p><span style=\"font-family: arial,helvetica,sans-serif; font-size: small;\"><strong>14.10.2014 &#8212; Zu Ehren des Gr\u00fcnders des Stern\u2019schen Konservatoriums Julius Stern in Berlin wird am 16. Oktober um 10.30 Uhr am ehemaligen Wohnhaus des K\u00fcnstlers in der Friedrichstr. 214 eine Gedenktafel angebracht.<\/strong><\/span><\/p>\n<p><span style=\"font-family: arial,helvetica,sans-serif; font-size: small;\">\u00a0<\/span><\/p>\n<p><span style=\"font-family: arial,helvetica,sans-serif; font-size: small;\">Die Berliner SenatskanzIei \u2013 Kulturelle Angelegenheiten in Verbindung mit dem Aktiven Museum Faschismus und Widerstand in Berlin e. V. gedenkt damit dem Musikp\u00e4dagogen, Komponisten und Namensgeber des Julius-Stern-Instituts f\u00fcr k\u00fcnstlerische Nachwuchsf\u00f6rderung der Universit\u00e4t der K\u00fcnste Berlin.<\/span><\/p>\n<p><span style=\"font-family: arial,helvetica,sans-serif; font-size: small;\">\u00a0<\/span><\/p>\n<p><span style=\"font-family: arial,helvetica,sans-serif; font-size: small;\">Julius Stern war Gesangsp\u00e4dagoge, Dirigent und Akteur im Berliner Musikleben der Gr\u00fcnderzeit. In einer restaurativen Epoche gelang ihm eine imponierende und aufkl\u00e4rerische Aufbauarbeit. Die Universit\u00e4t der K\u00fcnste pflegt, bedingt durch eine ganze Kette institutioneller Nachfolgeregelungen, seit 1975 das Erbe Julius Sterns, und das Julius-Stern-Institut f\u00fcr musikalische Nachwuchsf\u00f6rderung der UdK Berlin ist nach ihm benannt. <em>(cf)<\/em><\/span><\/p>\n<p><span style=\"font-size: small; font-family: arial,helvetica,sans-serif;\">\u00a0<\/span><\/p>\n<p>\u00a0<\/p>\n","protected":false},"excerpt":{"rendered":"<p><span style=\"font-family: arial,helvetica,sans-serif; font-size: small;\">14.10.2014 &#8212; Zu Ehren des Gr\u00fcnders des Stern\u2019schen Konservatoriums Julius Stern in Berlin wird am 16. Oktober um 10.30 Uhr am ehemaligen Wohnhaus des K\u00fcnstlers in der Friedrichstr. 214 eine Gedenktafel angebracht.<\/span><\/p>\n","protected":false},"author":1,"featured_media":0,"comment_status":"open","ping_status":"open","sticky":false,"template":"","format":"standard","meta":{"footnotes":""},"categories":[2],"tags":[],"class_list":["post-1800","post","type-post","status-publish","format-standard","hentry","category-nachrichten","entry"],"_links":{"self":[{"href":"https:\/\/codexflores.ch\/index.php\/wp-json\/wp\/v2\/posts\/1800","targetHints":{"allow":["GET"]}}],"collection":[{"href":"https:\/\/codexflores.ch\/index.php\/wp-json\/wp\/v2\/posts"}],"about":[{"href":"https:\/\/codexflores.ch\/index.php\/wp-json\/wp\/v2\/types\/post"}],"author":[{"embeddable":true,"href":"https:\/\/codexflores.ch\/index.php\/wp-json\/wp\/v2\/users\/1"}],"replies":[{"embeddable":true,"href":"https:\/\/codexflores.ch\/index.php\/wp-json\/wp\/v2\/comments?post=1800"}],"version-history":[{"count":0,"href":"https:\/\/codexflores.ch\/index.php\/wp-json\/wp\/v2\/posts\/1800\/revisions"}],"wp:attachment":[{"href":"https:\/\/codexflores.ch\/index.php\/wp-json\/wp\/v2\/media?parent=1800"}],"wp:term":[{"taxonomy":"category","embeddable":true,"href":"https:\/\/codexflores.ch\/index.php\/wp-json\/wp\/v2\/categories?post=1800"},{"taxonomy":"post_tag","embeddable":true,"href":"https:\/\/codexflores.ch\/index.php\/wp-json\/wp\/v2\/tags?post=1800"}],"curies":[{"name":"wp","href":"https:\/\/api.w.org\/{rel}","templated":true}]}}