{"id":1801,"date":"2014-10-14T06:04:55","date_gmt":"2014-10-14T06:04:55","guid":{"rendered":"https:\/\/codexflores.ch\/index.php\/2014\/10\/14\/bilanz-der-suedamerikatournee-des-kammerorchesters-basel\/"},"modified":"2014-10-14T06:04:55","modified_gmt":"2014-10-14T06:04:55","slug":"bilanz-der-suedamerikatournee-des-kammerorchesters-basel","status":"publish","type":"post","link":"https:\/\/codexflores.ch\/index.php\/2014\/10\/14\/bilanz-der-suedamerikatournee-des-kammerorchesters-basel\/","title":{"rendered":"Bilanz der S\u00fcdamerikatournee des Kammerorchesters Basel"},"content":{"rendered":"<p><span style=\"font-family: arial,helvetica,sans-serif; font-size: small;\">14.10.2014 &#8212; Ann\u00e4hernd 10&#8217;000 Besucherinnen und Besucher haben laut einer Mitteilung des Kammerorchesters Basel zwischen dem 5. und 11. Oktober 2014 die f\u00fcnf Konzerte seiner S\u00fcdamerikatournee in Montevideo, Buenos Aires und S\u00e3o Paulo besucht.<\/span><\/p>\n<p><span style=\"font-family: arial,helvetica,sans-serif; font-size: small;\"><strong>14.10.2014 &#8212; Ann\u00e4hernd 10&#8217;000 Besucherinnen und Besucher haben laut einer Mitteilung des Kammerorchesters Basel zwischen dem 5. und 11. Oktober 2014 die f\u00fcnf Konzerte seiner S\u00fcdamerikatournee in Montevideo, Buenos Aires und S\u00e3o Paulo besucht.<\/strong><\/span><\/p>\n<p>\u00a0<\/p>\n<p><span style=\"font-family: arial,helvetica,sans-serif; font-size: small;\">Die \u00fcberregionale argentinische Zeitung <em>Pagina 12<\/em> bezeichnete die Konzerte des Kammerorchester Basel im Teatro Col\u00f3n laut der Medienmitteilung des Ensembles als \u00abeines der gr\u00f6ssten musikalischen Ereignisse des Jahres\u00bb und lobte die Interpretation der Beethoven-Sinfonien als \u00abso farbenreich und voller kleiner und aussergew\u00f6hnlicher musikalischer Details, wie noch nie zuvor geh\u00f6rt\u00bb. Die Zeitung <em>Clar\u00edn<\/em> titelte: \u00abEine grosse Offenbarung\u00bb und schw\u00e4rmte weiterhin von einem \u00abdenkw\u00fcrdigen Auftritt\u00bb und einer \u00abunvergesslichen Nacht\u00bb.<\/span><\/p>\n<p><span style=\"font-family: arial,helvetica,sans-serif; font-size: small;\">\u00a0<\/span><\/p>\n<p><span style=\"font-family: arial,helvetica,sans-serif; font-size: small;\">Auf dem Programm standen neben Beethovens vierter und siebter Sinfonie die Cellokonzerte von Camille Saint-Sa\u00ebns und Robert Schumann. Auch die zeitgen\u00f6ssischen Werke von Bettina Skrzypczak und Stefan Wirth wurden von Publikum und Presse sehr gut aufgenommen \u2013 \u00abraffinierte klangliche und strukturelle Arbeit\u00bb lobte <em>Pagina 12<\/em> bei dem Nonett f\u00fcr Bl\u00e4ser und Kontrabass von Bettina Skrzypczak, und \u00abbesonders attraktiv\u00bb befand <em>Clar\u00edn<\/em> das Bl\u00e4seroktett von Stefan Wirth, schreibt das Kammerorchester Basel.<\/span><\/p>\n<p><span style=\"font-family: arial,helvetica,sans-serif; font-size: small;\">\u00a0<\/span><\/p>\n<p><span style=\"font-family: arial,helvetica,sans-serif; font-size: small;\">Neun Musikerinnen und Musiker des Orchesters raliserten \u00fcberdies f\u00fcr Sch\u00fcler und Sch\u00fclerinnen sowie Studierende des Instituto Baccarelli in S\u00e3o Paulo ehrenamtlich Masterclasses. Insgesamt 57 Nachwuchsmusiker im Alter von 15 bis 35 Jahren nahmen teil. <em>(cf)<\/em><\/span><\/p>\n<p>\u00a0<\/p>\n","protected":false},"excerpt":{"rendered":"<p><span style=\"font-family: arial,helvetica,sans-serif; font-size: small;\">14.10.2014 &#8212; Ann\u00e4hernd 10&#8217;000 Besucherinnen und Besucher haben laut einer Mitteilung des Kammerorchesters Basel zwischen dem 5. und 11. Oktober 2014 die f\u00fcnf Konzerte seiner S\u00fcdamerikatournee in Montevideo, Buenos Aires und S\u00e3o Paulo besucht.<\/span><\/p>\n","protected":false},"author":1,"featured_media":0,"comment_status":"open","ping_status":"open","sticky":false,"template":"","format":"standard","meta":{"footnotes":""},"categories":[2],"tags":[],"class_list":["post-1801","post","type-post","status-publish","format-standard","hentry","category-nachrichten","entry"],"_links":{"self":[{"href":"https:\/\/codexflores.ch\/index.php\/wp-json\/wp\/v2\/posts\/1801","targetHints":{"allow":["GET"]}}],"collection":[{"href":"https:\/\/codexflores.ch\/index.php\/wp-json\/wp\/v2\/posts"}],"about":[{"href":"https:\/\/codexflores.ch\/index.php\/wp-json\/wp\/v2\/types\/post"}],"author":[{"embeddable":true,"href":"https:\/\/codexflores.ch\/index.php\/wp-json\/wp\/v2\/users\/1"}],"replies":[{"embeddable":true,"href":"https:\/\/codexflores.ch\/index.php\/wp-json\/wp\/v2\/comments?post=1801"}],"version-history":[{"count":0,"href":"https:\/\/codexflores.ch\/index.php\/wp-json\/wp\/v2\/posts\/1801\/revisions"}],"wp:attachment":[{"href":"https:\/\/codexflores.ch\/index.php\/wp-json\/wp\/v2\/media?parent=1801"}],"wp:term":[{"taxonomy":"category","embeddable":true,"href":"https:\/\/codexflores.ch\/index.php\/wp-json\/wp\/v2\/categories?post=1801"},{"taxonomy":"post_tag","embeddable":true,"href":"https:\/\/codexflores.ch\/index.php\/wp-json\/wp\/v2\/tags?post=1801"}],"curies":[{"name":"wp","href":"https:\/\/api.w.org\/{rel}","templated":true}]}}