{"id":1814,"date":"2014-10-20T05:45:05","date_gmt":"2014-10-20T05:45:05","guid":{"rendered":"https:\/\/codexflores.ch\/index.php\/2014\/10\/20\/gottstein-ab-2017-kuenstlerischer-leiter-in-donaueschingen\/"},"modified":"2014-10-20T05:45:05","modified_gmt":"2014-10-20T05:45:05","slug":"gottstein-ab-2017-kuenstlerischer-leiter-in-donaueschingen","status":"publish","type":"post","link":"https:\/\/codexflores.ch\/index.php\/2014\/10\/20\/gottstein-ab-2017-kuenstlerischer-leiter-in-donaueschingen\/","title":{"rendered":"Gottstein ab 2017 K\u00fcnstlerischer Leiter in Donaueschingen"},"content":{"rendered":"<p><span style=\"font-family: arial,helvetica,sans-serif; font-size: small;\">20.10.2014 &#8212; Bj\u00f6rn Gottstein, SWR2-Redakteur f\u00fcr Neue Musik, folgt im Jahr 2017 auf den jetzigen Festivalleiter der Donaueschinger Musiktage, Armin K\u00f6hler, der dann in den Ruhestand geht. Bj\u00f6rn Gottstein ist seit 2013 als Redakteur f\u00fcr Neue Musik bei SWR2 t\u00e4tig.<\/span><\/p>\n<p><span style=\"font-family: arial,helvetica,sans-serif; font-size: small;\"><strong>20.10.2014 &#8212; Bj\u00f6rn Gottstein, SWR2-Redakteur f\u00fcr Neue Musik, folgt im Jahr 2017 auf den jetzigen Festivalleiter der Donaueschinger Musiktage, Armin K\u00f6hler, der dann in den Ruhestand geht. Bj\u00f6rn Gottstein ist seit 2013 als Redakteur f\u00fcr Neue Musik bei SWR2 t\u00e4tig.<\/strong><\/span><\/p>\n<p><span style=\"font-family: arial,helvetica,sans-serif; font-size: small;\">\u00a0<\/span><\/p>\n<p><span style=\"font-family: arial,helvetica,sans-serif; font-size: small;\">Er ist ausserdem einer der k\u00fcnstlerischen Leiter des Stuttgarter Eclat-Festivals. Der 1967 in Aachen geborene Musikwissenschaftler arbeitete zun\u00e4chst als freier Journalist und seit 2009 auch als Veranstalter. In dieser T\u00e4tigkeit thematisierte er Fragestellungen wie die nach Musik und Armut (Audio Poverty, 2009), Musik und Transzendenz (Lux Aeterna, 2011) und nach der musikalischen Interpretation (Faithful, 2012). Als Journalist und als Kurator galt sein Interesse stets auch den Randbereichen der Neuen Musik und dem genre\u00fcbergreifenden Experiment. <\/span><\/p>\n<p><span style=\"font-family: arial,helvetica,sans-serif; font-size: small;\">\u00a0<\/span><\/p>\n<p><span style=\"font-family: Arial; font-size: 10.5pt;\"><span style=\"font-family: Arial; font-size: 10.5pt;\"><span style=\"font-family: Arial; font-size: 10.5pt;\"><span style=\"font-family: arial,helvetica,sans-serif; font-size: small;\">Die Donaueschinger Musiktage, 1921 begr\u00fcndet, stehen heute f\u00fcr alle neuen experimentellen Formen auf dem Gebiet aktueller Musik und Klangkunst. <\/span><span style=\"font-family: Arial; font-size: 10.5pt;\"><span style=\"font-family: arial,helvetica,sans-serif; font-size: small;\">Der SWR hat die k\u00fcnstlerische Leitung inne. Er \u00fcbernimmt die gesamte k\u00fcnstlerische Planung, die Vergabe der Auftragskompositionen und stellt seine Klangk\u00f6rper zur Verf\u00fcgung. S\u00e4mtliche Konzerte der Donaueschinger Musiktage werden in SWR2 gesendet. <em>(cf)<\/em><\/span><br \/><\/span><\/span><\/span><\/span><\/p>\n<p>\u00a0<\/p>\n","protected":false},"excerpt":{"rendered":"<p><span style=\"font-family: arial,helvetica,sans-serif; font-size: small;\">20.10.2014 &#8212; Bj\u00f6rn Gottstein, SWR2-Redakteur f\u00fcr Neue Musik, folgt im Jahr 2017 auf den jetzigen Festivalleiter der Donaueschinger Musiktage, Armin K\u00f6hler, der dann in den Ruhestand geht. Bj\u00f6rn Gottstein ist seit 2013 als Redakteur f\u00fcr Neue Musik bei SWR2 t\u00e4tig.<\/span><\/p>\n","protected":false},"author":1,"featured_media":0,"comment_status":"open","ping_status":"open","sticky":false,"template":"","format":"standard","meta":{"footnotes":""},"categories":[2],"tags":[],"class_list":["post-1814","post","type-post","status-publish","format-standard","hentry","category-nachrichten","entry"],"_links":{"self":[{"href":"https:\/\/codexflores.ch\/index.php\/wp-json\/wp\/v2\/posts\/1814","targetHints":{"allow":["GET"]}}],"collection":[{"href":"https:\/\/codexflores.ch\/index.php\/wp-json\/wp\/v2\/posts"}],"about":[{"href":"https:\/\/codexflores.ch\/index.php\/wp-json\/wp\/v2\/types\/post"}],"author":[{"embeddable":true,"href":"https:\/\/codexflores.ch\/index.php\/wp-json\/wp\/v2\/users\/1"}],"replies":[{"embeddable":true,"href":"https:\/\/codexflores.ch\/index.php\/wp-json\/wp\/v2\/comments?post=1814"}],"version-history":[{"count":0,"href":"https:\/\/codexflores.ch\/index.php\/wp-json\/wp\/v2\/posts\/1814\/revisions"}],"wp:attachment":[{"href":"https:\/\/codexflores.ch\/index.php\/wp-json\/wp\/v2\/media?parent=1814"}],"wp:term":[{"taxonomy":"category","embeddable":true,"href":"https:\/\/codexflores.ch\/index.php\/wp-json\/wp\/v2\/categories?post=1814"},{"taxonomy":"post_tag","embeddable":true,"href":"https:\/\/codexflores.ch\/index.php\/wp-json\/wp\/v2\/tags?post=1814"}],"curies":[{"name":"wp","href":"https:\/\/api.w.org\/{rel}","templated":true}]}}