{"id":1817,"date":"2014-10-21T05:36:32","date_gmt":"2014-10-21T05:36:32","guid":{"rendered":"https:\/\/codexflores.ch\/index.php\/2014\/10\/21\/programmvorschau-lucerne-festival-2015\/"},"modified":"2014-10-21T05:36:32","modified_gmt":"2014-10-21T05:36:32","slug":"programmvorschau-lucerne-festival-2015","status":"publish","type":"post","link":"https:\/\/codexflores.ch\/index.php\/2014\/10\/21\/programmvorschau-lucerne-festival-2015\/","title":{"rendered":"Programmvorschau Lucerne Festival 2015"},"content":{"rendered":"<p><span style=\"font-size: small; font-family: arial,helvetica,sans-serif;\">21.10.2014 &#8212; Lucerne Festival zu Ostern 2015 setzt seinen Schwerpunkt ganz auf die geistliche Musik, das Sommer-Festival 2015 ist ab Mitte August dem Thema \u00abHumor\u00bb gewidmet.<\/span><\/p>\n<p><strong><span style=\"font-size: small; font-family: arial,helvetica,sans-serif;\">21.10.2014 &#8212; Lucerne Festival zu Ostern 2015 setzt seinen Schwerpunkt ganz auf die geistliche Musik, das Sommer-Festival 2015 ist ab Mitte August dem Thema \u00abHumor\u00bb gewidmet.<\/span><\/strong><\/p>\n<p><strong><span style=\"font-size: small; font-family: arial,helvetica,sans-serif;\">\u00a0<\/span><\/strong><\/p>\n<p><span style=\"font-size: small; font-family: arial,helvetica,sans-serif;\">Bernard Haitink wird mit dem\u00a0Lucerne Festival Orchestra das Sommer-Programm er\u00f6ffnen, Andris Nelsons dirigiert das Orchester anschliessend an zwei Abenden. Als Composers-in-residence werden der Schweizer J\u00fcrg Wyttenbach und der Amerikaner Tod Machover den Spielplan pr\u00e4gen; Machover f\u00fchrt die\u00a0Lucerne Festival Young Performance mit einer Auftragskomposition in die zweite Runde und pr\u00e4sentiert seine Sinfonie f\u00fcr Luzern. <\/span><\/p>\n<p><span style=\"font-size: small; font-family: arial,helvetica,sans-serif;\">\u00a0<\/span><\/p>\n<p><span style=\"font-size: small; font-family: arial,helvetica,sans-serif;\">Die Geigerin Isabelle Faust ist als Artiste \u00e9toile\u00bb zu erleben. Pierre Boulez, Gr\u00fcnder und k\u00fcnstlerischer Leiter der Lucerne Festival Academy, hat Pablo Heras-Casado und Matthias Pintscher als Dirigenten der zw\u00f6lften Ausgabe dieses Campus f\u00fcr die Interpretation neuer Musik eingeladen.<\/span><\/p>\n<p><span style=\"font-size: small; font-family: arial,helvetica,sans-serif;\">\u00a0<\/span><\/p>\n<p><span style=\"font-size: small; font-family: arial,helvetica,sans-serif;\"> Ein ganzer Festivaltag wird dem Schaffen von Boulez selbst gewidmet, als Hommage zu seinem 90. Geburtstag. Und im November 2015 versammeln sich grosse Namen der Klavierszene in Luzern: Erwartet werden unter anderem Piotr Anderszewski, Angela Hewitt, Radu Lupu, Maurizio Pollini, Lise de la Salle, Andr\u00e1s Schiff und Jean-Yves Thibaudet. <em>(cf)<\/em><br \/><\/span><\/p>\n<p><span style=\"font-size: small; font-family: arial,helvetica,sans-serif;\"><em>\u00a0<\/em><\/span><\/p>\n<p><span style=\"font-size: 10.0pt; font-family: 'Arial','sans-serif';\"><span style=\"font-size: 10.0pt; font-family: 'Arial','sans-serif';\"><span style=\"font-family: arial,helvetica,sans-serif; font-size: small;\"><strong>Das ganze Programm:<\/strong> <a href=\"http:\/\/www.lucernefestival.ch\" target=\"_blank\" rel=\"noopener noreferrer\">www.lucernefestival.ch<\/a><\/span><em> <br \/><\/em><\/span><\/span><\/p>\n<p>\u00a0<\/p>\n","protected":false},"excerpt":{"rendered":"<p><span style=\"font-size: small; font-family: arial,helvetica,sans-serif;\">21.10.2014 &#8212; Lucerne Festival zu Ostern 2015 setzt seinen Schwerpunkt ganz auf die geistliche Musik, das Sommer-Festival 2015 ist ab Mitte August dem Thema \u00abHumor\u00bb gewidmet.<\/span><\/p>\n","protected":false},"author":1,"featured_media":0,"comment_status":"open","ping_status":"open","sticky":false,"template":"","format":"standard","meta":{"footnotes":""},"categories":[2],"tags":[],"class_list":["post-1817","post","type-post","status-publish","format-standard","hentry","category-nachrichten","entry"],"_links":{"self":[{"href":"https:\/\/codexflores.ch\/index.php\/wp-json\/wp\/v2\/posts\/1817","targetHints":{"allow":["GET"]}}],"collection":[{"href":"https:\/\/codexflores.ch\/index.php\/wp-json\/wp\/v2\/posts"}],"about":[{"href":"https:\/\/codexflores.ch\/index.php\/wp-json\/wp\/v2\/types\/post"}],"author":[{"embeddable":true,"href":"https:\/\/codexflores.ch\/index.php\/wp-json\/wp\/v2\/users\/1"}],"replies":[{"embeddable":true,"href":"https:\/\/codexflores.ch\/index.php\/wp-json\/wp\/v2\/comments?post=1817"}],"version-history":[{"count":0,"href":"https:\/\/codexflores.ch\/index.php\/wp-json\/wp\/v2\/posts\/1817\/revisions"}],"wp:attachment":[{"href":"https:\/\/codexflores.ch\/index.php\/wp-json\/wp\/v2\/media?parent=1817"}],"wp:term":[{"taxonomy":"category","embeddable":true,"href":"https:\/\/codexflores.ch\/index.php\/wp-json\/wp\/v2\/categories?post=1817"},{"taxonomy":"post_tag","embeddable":true,"href":"https:\/\/codexflores.ch\/index.php\/wp-json\/wp\/v2\/tags?post=1817"}],"curies":[{"name":"wp","href":"https:\/\/api.w.org\/{rel}","templated":true}]}}