{"id":1819,"date":"2014-10-21T06:10:37","date_gmt":"2014-10-21T06:10:37","guid":{"rendered":"https:\/\/codexflores.ch\/index.php\/2014\/10\/21\/fazil-says-kompositionen-sind-der-tuerkei-nicht-mehr-genehm\/"},"modified":"2014-10-21T06:10:37","modified_gmt":"2014-10-21T06:10:37","slug":"fazil-says-kompositionen-sind-der-tuerkei-nicht-mehr-genehm","status":"publish","type":"post","link":"https:\/\/codexflores.ch\/index.php\/2014\/10\/21\/fazil-says-kompositionen-sind-der-tuerkei-nicht-mehr-genehm\/","title":{"rendered":"Fazil Says Kompositionen sind der T\u00fcrkei nicht mehr genehm"},"content":{"rendered":"<p>21.10.2014 &#8212; Das t\u00fcrkische Kulturministerium hat Kompositionen von Fazil Say aus dem Programm des Pr\u00e4sidialen Symphonieorchesters gekippt.<\/p>\n<p><strong>21.10.2014 &#8212; Das t\u00fcrkische Kulturministerium hat Kompositionen von Fazil Say aus dem Programm des Pr\u00e4sidialen Symphonieorchesters gekippt.<\/strong><\/p>\n<p>\u00a0<\/p>\n<p>Laut internationalen Presseberichten hat das Orchester auf Veranlassung de Ministeriums die Werke aus seinem Jahresprogramm genommen.\u00a0<\/p>\n<p>\u00a0<\/p>\n<p>Der Bann ist ein Kapitel mehr im rabiaten Umgang der offizellen T\u00fcrkei mit ihrem prominenten Musiker. Im Juli dieses Jahres hat der B\u00fcrgermeister der Stadt Antalya ihn als k\u00fcnstlerischer Leiter des Festivals der Stadt ausgeschlossen. Zuvor musste der aufm\u00fcpfige K\u00fcnstler wegen religionskritischer Tweets juristische Auseinandersetzungen ausfechten. <em>(cf)<\/em><\/p>\n","protected":false},"excerpt":{"rendered":"<p>21.10.2014 &#8212; Das t\u00fcrkische Kulturministerium hat Kompositionen von Fazil Say aus dem Programm des Pr\u00e4sidialen Symphonieorchesters gekippt.<\/p>\n","protected":false},"author":1,"featured_media":0,"comment_status":"open","ping_status":"open","sticky":false,"template":"","format":"standard","meta":{"footnotes":""},"categories":[2],"tags":[],"class_list":["post-1819","post","type-post","status-publish","format-standard","hentry","category-nachrichten","entry"],"_links":{"self":[{"href":"https:\/\/codexflores.ch\/index.php\/wp-json\/wp\/v2\/posts\/1819","targetHints":{"allow":["GET"]}}],"collection":[{"href":"https:\/\/codexflores.ch\/index.php\/wp-json\/wp\/v2\/posts"}],"about":[{"href":"https:\/\/codexflores.ch\/index.php\/wp-json\/wp\/v2\/types\/post"}],"author":[{"embeddable":true,"href":"https:\/\/codexflores.ch\/index.php\/wp-json\/wp\/v2\/users\/1"}],"replies":[{"embeddable":true,"href":"https:\/\/codexflores.ch\/index.php\/wp-json\/wp\/v2\/comments?post=1819"}],"version-history":[{"count":0,"href":"https:\/\/codexflores.ch\/index.php\/wp-json\/wp\/v2\/posts\/1819\/revisions"}],"wp:attachment":[{"href":"https:\/\/codexflores.ch\/index.php\/wp-json\/wp\/v2\/media?parent=1819"}],"wp:term":[{"taxonomy":"category","embeddable":true,"href":"https:\/\/codexflores.ch\/index.php\/wp-json\/wp\/v2\/categories?post=1819"},{"taxonomy":"post_tag","embeddable":true,"href":"https:\/\/codexflores.ch\/index.php\/wp-json\/wp\/v2\/tags?post=1819"}],"curies":[{"name":"wp","href":"https:\/\/api.w.org\/{rel}","templated":true}]}}