{"id":1823,"date":"2014-10-22T06:42:26","date_gmt":"2014-10-22T06:42:26","guid":{"rendered":"https:\/\/codexflores.ch\/index.php\/2014\/10\/22\/musikern-aus-nicht-eu-laendern-droht-in-basle-ausweisung\/"},"modified":"2014-10-22T06:42:26","modified_gmt":"2014-10-22T06:42:26","slug":"musikern-aus-nicht-eu-laendern-droht-in-basle-ausweisung","status":"publish","type":"post","link":"https:\/\/codexflores.ch\/index.php\/2014\/10\/22\/musikern-aus-nicht-eu-laendern-droht-in-basle-ausweisung\/","title":{"rendered":"Musikern aus Nicht-EU-L\u00e4ndern droht in Basel Ausweisung"},"content":{"rendered":"<p><span style=\"font-family: arial,helvetica,sans-serif; font-size: small;\">22.10.2014 &#8212; Laut einem Bericht des SRF-Regionaljournals Basel droht einem halben Hundert Berufsmusiker aus Nicht-EU-L\u00e4ndern, die in Basel zum Teil seit Jahren arbeiten und unterrichten, die Ausweisung. Ein Chefbeamter des Amtes f\u00fcr Wirtschaft und Arbeit hat offenbar zu grossz\u00fcgig Bewilligungen erteilt.<\/span><\/p>\n<p><strong><span style=\"font-family: arial,helvetica,sans-serif; font-size: small;\"> 22.10.2014 &#8212; Laut einem Bericht des SRF-Regionaljournals Basel droht einem halben Hundert Berufsmusiker aus Nicht-EU-L\u00e4ndern, die in Basel zum Teil seit Jahren arbeiten und unterrichten, die Ausweisung. Ein Chefbeamter des Amtes f\u00fcr Wirtschaft und Arbeit hat offenbar zu grossz\u00fcgig Bewilligungen erteilt.<\/span><\/strong><\/p>\n<p>\u00a0<\/p>\n<p><span style=\"font-family: arial,helvetica,sans-serif; font-size: small;\">Gegen den Beamten laufe seit einem Jahr eine Strafuntersuchung wegen Verdachts auf Amtsmissbrauch, schreibt das Regionaljournal weiter. Ihm werde vorgeworfen, er habe vor allem f\u00fcr Grenzg\u00e4nger Bewilligungen ohne gesetzliche Grundlagen erteilt.<\/span><\/p>\n<p>\u00a0<\/p>\n<p><span style=\"font-family: arial,helvetica,sans-serif; font-size: small;\">Das Basler Amt f\u00fcr Wirtschaft und Arbeit pr\u00fcft beim Bundesamt f\u00fcr Migration f\u00fcr die betroffenen Musiker eine H\u00e4rtefallregelung. Darunter w\u00fcrden 20 der betroffenen 55 Musiker fallen.<em> (cf)<\/em><\/span><\/p>\n<p><span style=\"font-family: arial,helvetica,sans-serif; font-size: small;\">\u00a0<\/span><\/p>\n<p><span style=\"font-family: arial,helvetica,sans-serif; font-size: small;\">Originalmeldung:<br \/> <a href=\"http:\/\/www.srf.ch\/news\/regional\/basel-baselland\/auslaendische-musiker-in-basel-nicht-mehr-willkommen\" target=\"_blank\" rel=\"noopener noreferrer\">www.srf.ch\/news\/regional\/basel-baselland\/auslaendische-musiker-in-basel-nicht-mehr-willkommen<\/a><\/span><\/p>\n","protected":false},"excerpt":{"rendered":"<p><span style=\"font-family: arial,helvetica,sans-serif; font-size: small;\">22.10.2014 &#8212; Laut einem Bericht des SRF-Regionaljournals Basel droht einem halben Hundert Berufsmusiker aus Nicht-EU-L\u00e4ndern, die in Basel zum Teil seit Jahren arbeiten und unterrichten, die Ausweisung. Ein Chefbeamter des Amtes f\u00fcr Wirtschaft und Arbeit hat offenbar zu grossz\u00fcgig Bewilligungen erteilt.<\/span><\/p>\n","protected":false},"author":1,"featured_media":0,"comment_status":"open","ping_status":"open","sticky":false,"template":"","format":"standard","meta":{"footnotes":""},"categories":[2],"tags":[],"class_list":["post-1823","post","type-post","status-publish","format-standard","hentry","category-nachrichten","entry"],"_links":{"self":[{"href":"https:\/\/codexflores.ch\/index.php\/wp-json\/wp\/v2\/posts\/1823","targetHints":{"allow":["GET"]}}],"collection":[{"href":"https:\/\/codexflores.ch\/index.php\/wp-json\/wp\/v2\/posts"}],"about":[{"href":"https:\/\/codexflores.ch\/index.php\/wp-json\/wp\/v2\/types\/post"}],"author":[{"embeddable":true,"href":"https:\/\/codexflores.ch\/index.php\/wp-json\/wp\/v2\/users\/1"}],"replies":[{"embeddable":true,"href":"https:\/\/codexflores.ch\/index.php\/wp-json\/wp\/v2\/comments?post=1823"}],"version-history":[{"count":0,"href":"https:\/\/codexflores.ch\/index.php\/wp-json\/wp\/v2\/posts\/1823\/revisions"}],"wp:attachment":[{"href":"https:\/\/codexflores.ch\/index.php\/wp-json\/wp\/v2\/media?parent=1823"}],"wp:term":[{"taxonomy":"category","embeddable":true,"href":"https:\/\/codexflores.ch\/index.php\/wp-json\/wp\/v2\/categories?post=1823"},{"taxonomy":"post_tag","embeddable":true,"href":"https:\/\/codexflores.ch\/index.php\/wp-json\/wp\/v2\/tags?post=1823"}],"curies":[{"name":"wp","href":"https:\/\/api.w.org\/{rel}","templated":true}]}}