{"id":1824,"date":"2014-10-23T05:41:53","date_gmt":"2014-10-23T05:41:53","guid":{"rendered":"https:\/\/codexflores.ch\/index.php\/2014\/10\/23\/universitaetsklinik-muenster-eroeffnet-musikerambulanz\/"},"modified":"2014-10-23T05:41:53","modified_gmt":"2014-10-23T05:41:53","slug":"universitaetsklinik-muenster-eroeffnet-musikerambulanz","status":"publish","type":"post","link":"https:\/\/codexflores.ch\/index.php\/2014\/10\/23\/universitaetsklinik-muenster-eroeffnet-musikerambulanz\/","title":{"rendered":"Universit\u00e4tsklinik M\u00fcnster er\u00f6ffnet Musikerambulanz"},"content":{"rendered":"<p><span style=\"font-family: arial,helvetica,sans-serif; font-size: small;\">23.10.2014 &#8212; In der Klinik f\u00fcr Phoniatrie und P\u00e4daudiologie des Universit\u00e4tsklinikums M\u00fcnster befasst sich eine neu eingerichtete Musikerambulanz ausschliesslich mit der musikermedizinischen Betreuung.<\/span><\/p>\n<p><span style=\"font-family: arial,helvetica,sans-serif; font-size: small;\"><strong>23.10.2014 &#8212; In der Klinik f\u00fcr Phoniatrie und P\u00e4daudiologie des Universit\u00e4tsklinikums M\u00fcnster befasst sich eine neu eingerichtete Musikerambulanz ausschliesslich mit der musikermedizinischen Betreuung.<\/strong><\/span><\/p>\n<p>\u00a0<\/p>\n<p><span style=\"font-family: arial,helvetica,sans-serif; font-size: small;\">Mit der Einrichtung schliesst M\u00fcnster eine Versorgungsl\u00fccke in Westfalen. Vergleichbare Anlaufstellen gab es bisher bloss in den s\u00e4ngermedizinisch t\u00e4tigen universit\u00e4ren Einrichtungen f\u00fcr Phoniatrie in Leipzig, Hamburg, Freiburg, Dresden und D\u00fcsseldorf.<\/span><\/p>\n<p>\u00a0<\/p>\n<p><span style=\"font-family: arial,helvetica,sans-serif; font-size: small;\">Neben einem psychologischen Psychotherapeuten mit dem leitenden Oberarzt Dirk Deuster steht ein \u00e4rztlicher Psychotherapeut zur Verf\u00fcgung, der zus\u00e4tzlich eine umfangreiche musikalische Ausbildung genossen hat und daher besonders geeignet ist, die Erstdiagnostik von Musikern mit Auftrittsangstsymptomatik durchzuf\u00fchren. Dar\u00fcber hinaus besteht eine Zusammenarbeit mit der Klinik f\u00fcr Psychosomatik und Psychotherapie des UKM.<\/span><\/p>\n<p>\u00a0<\/p>\n<p><span style=\"font-family: arial,helvetica,sans-serif; font-size: small;\">Anlaufstelle ist die neue Musikerambulanz in der Region auch f\u00fcr Kinder und Jugendliche. Die Klinik f\u00fcr Phoniatrie und P\u00e4daudiologie arbeitet mit der Westf\u00e4lischen Schule f\u00fcr Musik in M\u00fcnster als auch mit der Musikhochschule M\u00fcnster der Westf\u00e4lischen Wilhelms-Universit\u00e4t und der Hochschule f\u00fcr Musik in Detmold zusammen. <em>(cf)<\/em> <\/span><\/p>\n<p>\u00a0<\/p>\n","protected":false},"excerpt":{"rendered":"<p><span style=\"font-family: arial,helvetica,sans-serif; font-size: small;\">23.10.2014 &#8212; In der Klinik f\u00fcr Phoniatrie und P\u00e4daudiologie des Universit\u00e4tsklinikums M\u00fcnster befasst sich eine neu eingerichtete Musikerambulanz ausschliesslich mit der musikermedizinischen Betreuung.<\/span><\/p>\n","protected":false},"author":1,"featured_media":0,"comment_status":"open","ping_status":"open","sticky":false,"template":"","format":"standard","meta":{"footnotes":""},"categories":[2],"tags":[],"class_list":["post-1824","post","type-post","status-publish","format-standard","hentry","category-nachrichten","entry"],"_links":{"self":[{"href":"https:\/\/codexflores.ch\/index.php\/wp-json\/wp\/v2\/posts\/1824","targetHints":{"allow":["GET"]}}],"collection":[{"href":"https:\/\/codexflores.ch\/index.php\/wp-json\/wp\/v2\/posts"}],"about":[{"href":"https:\/\/codexflores.ch\/index.php\/wp-json\/wp\/v2\/types\/post"}],"author":[{"embeddable":true,"href":"https:\/\/codexflores.ch\/index.php\/wp-json\/wp\/v2\/users\/1"}],"replies":[{"embeddable":true,"href":"https:\/\/codexflores.ch\/index.php\/wp-json\/wp\/v2\/comments?post=1824"}],"version-history":[{"count":0,"href":"https:\/\/codexflores.ch\/index.php\/wp-json\/wp\/v2\/posts\/1824\/revisions"}],"wp:attachment":[{"href":"https:\/\/codexflores.ch\/index.php\/wp-json\/wp\/v2\/media?parent=1824"}],"wp:term":[{"taxonomy":"category","embeddable":true,"href":"https:\/\/codexflores.ch\/index.php\/wp-json\/wp\/v2\/categories?post=1824"},{"taxonomy":"post_tag","embeddable":true,"href":"https:\/\/codexflores.ch\/index.php\/wp-json\/wp\/v2\/tags?post=1824"}],"curies":[{"name":"wp","href":"https:\/\/api.w.org\/{rel}","templated":true}]}}