{"id":1825,"date":"2014-10-23T05:52:00","date_gmt":"2014-10-23T05:52:00","guid":{"rendered":"https:\/\/codexflores.ch\/index.php\/2014\/10\/23\/kulturpreis-2014-der-az-medien-fuer-dieter-ammann\/"},"modified":"2014-10-23T05:52:00","modified_gmt":"2014-10-23T05:52:00","slug":"kulturpreis-2014-der-az-medien-fuer-dieter-ammann","status":"publish","type":"post","link":"https:\/\/codexflores.ch\/index.php\/2014\/10\/23\/kulturpreis-2014-der-az-medien-fuer-dieter-ammann\/","title":{"rendered":"Kulturpreis 2014 der AZ Medien f\u00fcr Dieter Ammann"},"content":{"rendered":"<p><span style=\"font-family: arial,helvetica,sans-serif; font-size: small;\">23.10.2014 &#8212; Der Komponist Dieter Ammann ist mit dem Kulturpreis 2014 der AZ Medien ausgezeichnet worden. Der Preis w\u00fcrdigt Dieter Ammann als \u00abzeitgen\u00f6ssischen Komponisten, der seine H\u00f6rerinnen und H\u00f6rer erreicht, ber\u00fchrt und begeistert und dessen Werke von Orchestern international aufgef\u00fchrt werden\u00bb.<\/span><\/p>\n<p><span style=\"font-family: arial,helvetica,sans-serif; font-size: small;\"><strong>23.10.2014 &#8212; Der Komponist Dieter Ammann ist mit dem Kulturpreis 2014 der AZ Medien ausgezeichnet worden. Der Preis w\u00fcrdigt Dieter Ammann als \u00abzeitgen\u00f6ssischen Komponisten, der seine H\u00f6rerinnen und H\u00f6rer erreicht, ber\u00fchrt und begeistert und dessen Werke von Orchestern international aufgef\u00fchrt werden\u00bb.<\/strong><\/span><\/p>\n<p><span style=\"font-family: arial,helvetica,sans-serif; font-size: small;\">\u00a0<\/span><\/p>\n<p><span style=\"font-family: arial,helvetica,sans-serif; font-size: small;\">Dieter Ammann, 1962 in Aarau geboren, studierte Musik in Luzern und an der Swiss Jazz School in Bern; er spielte als Trompeter, Keyboarder und E-Bassist in Jazz-Formationen. Nach dem Studium f\u00fcr Theorie und Komposition in Basel konzentrierte er sich aufs Komponieren.<\/span><\/p>\n<p><span style=\"font-family: arial,helvetica,sans-serif; font-size: small;\">\u00a0<\/span><\/p>\n<p><span style=\"font-family: arial,helvetica,sans-serif; font-size: small;\">Ammanns Kompositionen zeichneten sich durch Sch\u00f6nheit und Dichte und emotionale Kraft aus, schreiben die AZ Medien, das Verlaghaus der Aargauer und Solothurner Zeitungen, weiter.\u00a0Michael Haefliger, Intendant des Lucerne Festivals, w\u00fcrdigte Ammann in seiner Laudatio zudem als \u00absich niemals anbiedernder Komponist, der aus einer vermeintlich anderen Richtung kam, Welten verbunden hat und dadurch eine neue Welt geschaffen hat.\u00bb<em> (cf)\u00a0<\/em> <\/span><\/p>\n<p><span style=\"font-family: arial,helvetica,sans-serif; font-size: small;\">\u00a0<\/span><\/p>\n<p><span style=\"font-family: arial,helvetica,sans-serif; font-size: small;\">\u00a0<\/span><\/p>\n<p>\u00a0<\/p>\n<p>\u00a0<\/p>\n","protected":false},"excerpt":{"rendered":"<p><span style=\"font-family: arial,helvetica,sans-serif; font-size: small;\">23.10.2014 &#8212; Der Komponist Dieter Ammann ist mit dem Kulturpreis 2014 der AZ Medien ausgezeichnet worden. Der Preis w\u00fcrdigt Dieter Ammann als \u00abzeitgen\u00f6ssischen Komponisten, der seine H\u00f6rerinnen und H\u00f6rer erreicht, ber\u00fchrt und begeistert und dessen Werke von Orchestern international aufgef\u00fchrt werden\u00bb.<\/span><\/p>\n","protected":false},"author":1,"featured_media":0,"comment_status":"open","ping_status":"open","sticky":false,"template":"","format":"standard","meta":{"footnotes":""},"categories":[2],"tags":[],"class_list":["post-1825","post","type-post","status-publish","format-standard","hentry","category-nachrichten","entry"],"_links":{"self":[{"href":"https:\/\/codexflores.ch\/index.php\/wp-json\/wp\/v2\/posts\/1825","targetHints":{"allow":["GET"]}}],"collection":[{"href":"https:\/\/codexflores.ch\/index.php\/wp-json\/wp\/v2\/posts"}],"about":[{"href":"https:\/\/codexflores.ch\/index.php\/wp-json\/wp\/v2\/types\/post"}],"author":[{"embeddable":true,"href":"https:\/\/codexflores.ch\/index.php\/wp-json\/wp\/v2\/users\/1"}],"replies":[{"embeddable":true,"href":"https:\/\/codexflores.ch\/index.php\/wp-json\/wp\/v2\/comments?post=1825"}],"version-history":[{"count":0,"href":"https:\/\/codexflores.ch\/index.php\/wp-json\/wp\/v2\/posts\/1825\/revisions"}],"wp:attachment":[{"href":"https:\/\/codexflores.ch\/index.php\/wp-json\/wp\/v2\/media?parent=1825"}],"wp:term":[{"taxonomy":"category","embeddable":true,"href":"https:\/\/codexflores.ch\/index.php\/wp-json\/wp\/v2\/categories?post=1825"},{"taxonomy":"post_tag","embeddable":true,"href":"https:\/\/codexflores.ch\/index.php\/wp-json\/wp\/v2\/tags?post=1825"}],"curies":[{"name":"wp","href":"https:\/\/api.w.org\/{rel}","templated":true}]}}