{"id":1827,"date":"2014-10-23T06:04:31","date_gmt":"2014-10-23T06:04:31","guid":{"rendered":"https:\/\/codexflores.ch\/index.php\/2014\/10\/23\/cummings-und-wolff-leiten-haendel-festspiele-bis-2021\/"},"modified":"2014-10-23T06:04:31","modified_gmt":"2014-10-23T06:04:31","slug":"cummings-und-wolff-leiten-haendel-festspiele-bis-2021","status":"publish","type":"post","link":"https:\/\/codexflores.ch\/index.php\/2014\/10\/23\/cummings-und-wolff-leiten-haendel-festspiele-bis-2021\/","title":{"rendered":"Cummings und Wolff leiten H\u00e4ndel-Festspiele bis 2021"},"content":{"rendered":"<p><span style=\"font-family: arial,helvetica,sans-serif; font-size: small;\">23.10.2014 &#8212; D<span class=\"cs534E6463\">ie Vertr\u00e4ge mit dem K\u00fcnstlerischen Leiter der Internationalen H\u00e4ndel-Festspiele G\u00f6ttingen, Laurence Cummings, und dem Gesch\u00e4ftsf\u00fchrenden Intendanten, Tobias Wolff, sind bis zum 30. September 2021 verl\u00e4ngert worden.<\/span><\/span><\/p>\n<p>\u00a0<\/p>\n<p><span style=\"font-family: arial,helvetica,sans-serif; font-size: small;\"><strong><span class=\"cs534E6463\">23.10.2014 &#8212; D<span class=\"cs534E6463\">ie Vertr\u00e4ge mit dem K\u00fcnstlerischen Leiter der Internationalen H\u00e4ndel-Festspiele G\u00f6ttingen, Laurence Cummings, und dem Gesch\u00e4ftsf\u00fchrenden Intendanten, Tobias Wolff, sind bis zum 30. September 2021 verl\u00e4ngert worden.<\/span><\/span><\/strong><\/span><\/p>\n<p>\u00a0<\/p>\n<p>\u00a0<\/p>\n<p class=\"csF0A1D376\"><span class=\"cs534E6463\" style=\"font-family: arial,helvetica,sans-serif; font-size: small;\"><span class=\"cs534E6463\">Beide gestalten seit 2011 das Barockfestival neu und steuern programmatisch und k\u00fcnstlerisch auf die 100-Jahrfeier der H\u00e4ndel-Festspiele zu, die 1920 den Grundstein f\u00fcr eine internationale H\u00e4ndel-Renaissance legten.<\/span> Laurence Cummings sei\u00a0 weltweit einer der gefragtesten H\u00e4ndel-Spezialisten, schreiben die H\u00e4ndel-Festspiele, und leitet neben den Festspielen in G\u00f6ttingen auch seit 1999 das London Handel Festival. <br \/><\/span><\/p>\n<p class=\"csF0A1D376\"><span class=\"cs534E6463\" style=\"font-family: arial,helvetica,sans-serif; font-size: small;\">\u00a0<\/span><\/p>\n<p class=\"csF0A1D376\"><span style=\"font-family: arial,helvetica,sans-serif; font-size: small;\"><span class=\"cs534E6463\">Die Internationalen H\u00e4ndel-Festspiele G\u00f6ttingen 2015 finden vom 14. bis 25. Mai statt. Weitere Informationen:\u00a0 <a href=\"http:\/\/www.haendel-festspiele.de\"><span class=\"csBFFB9C47\">www.haendel-festspiele.de<\/span><\/a><\/span><span class=\"cs534E6463\">.<em> (cf)<\/em><br \/><\/span><\/span><\/p>\n<p class=\"csF0A1D376\"><span class=\"cs534E6463\" style=\"font-family: arial,helvetica,sans-serif; font-size: small;\">\u00a0<\/span><\/p>\n<p class=\"csF0A1D376\"><span class=\"cs534E6463\" style=\"font-family: arial,helvetica,sans-serif; font-size: small;\">\u00a0<\/span><\/p>\n<p class=\"csF0A1D376\"><span class=\"cs5EFED22F\">\u00a0<\/span><\/p>\n","protected":false},"excerpt":{"rendered":"<p><span style=\"font-family: arial,helvetica,sans-serif; font-size: small;\">23.10.2014 &#8212; D<span class=\"cs534E6463\">ie Vertr\u00e4ge mit dem K\u00fcnstlerischen Leiter der Internationalen H\u00e4ndel-Festspiele G\u00f6ttingen, Laurence Cummings, und dem Gesch\u00e4ftsf\u00fchrenden Intendanten, Tobias Wolff, sind bis zum 30. September 2021 verl\u00e4ngert worden.<\/span><\/span><\/p>\n","protected":false},"author":1,"featured_media":0,"comment_status":"open","ping_status":"open","sticky":false,"template":"","format":"standard","meta":{"footnotes":""},"categories":[2],"tags":[],"class_list":["post-1827","post","type-post","status-publish","format-standard","hentry","category-nachrichten","entry"],"_links":{"self":[{"href":"https:\/\/codexflores.ch\/index.php\/wp-json\/wp\/v2\/posts\/1827","targetHints":{"allow":["GET"]}}],"collection":[{"href":"https:\/\/codexflores.ch\/index.php\/wp-json\/wp\/v2\/posts"}],"about":[{"href":"https:\/\/codexflores.ch\/index.php\/wp-json\/wp\/v2\/types\/post"}],"author":[{"embeddable":true,"href":"https:\/\/codexflores.ch\/index.php\/wp-json\/wp\/v2\/users\/1"}],"replies":[{"embeddable":true,"href":"https:\/\/codexflores.ch\/index.php\/wp-json\/wp\/v2\/comments?post=1827"}],"version-history":[{"count":0,"href":"https:\/\/codexflores.ch\/index.php\/wp-json\/wp\/v2\/posts\/1827\/revisions"}],"wp:attachment":[{"href":"https:\/\/codexflores.ch\/index.php\/wp-json\/wp\/v2\/media?parent=1827"}],"wp:term":[{"taxonomy":"category","embeddable":true,"href":"https:\/\/codexflores.ch\/index.php\/wp-json\/wp\/v2\/categories?post=1827"},{"taxonomy":"post_tag","embeddable":true,"href":"https:\/\/codexflores.ch\/index.php\/wp-json\/wp\/v2\/tags?post=1827"}],"curies":[{"name":"wp","href":"https:\/\/api.w.org\/{rel}","templated":true}]}}