{"id":1831,"date":"2014-10-24T11:14:51","date_gmt":"2014-10-24T11:14:51","guid":{"rendered":"https:\/\/codexflores.ch\/index.php\/2014\/10\/24\/inkinen-chefdirigent-der-prager-symphoniker\/"},"modified":"2014-10-24T11:14:51","modified_gmt":"2014-10-24T11:14:51","slug":"inkinen-chefdirigent-der-prager-symphoniker","status":"publish","type":"post","link":"https:\/\/codexflores.ch\/index.php\/2014\/10\/24\/inkinen-chefdirigent-der-prager-symphoniker\/","title":{"rendered":"Inkinen Chefdirigent der Prager Symphoniker"},"content":{"rendered":"<p><span style=\"font-family: arial,helvetica,sans-serif; font-size: small;\">24.10.2014 &#8212; Pietari Inkinen \u00fcbernimmt im September 2015 die Position als Chefdirigent der Prager Symphoniker. Sein Vertrag, der zun\u00e4chst f\u00fcr einen Zeitraum von drei Jahren geschlossen wird, umfasst pro Saison mindestens sechs Abonnement-Wochen in Prag sowie Sonderveranstaltungen.<\/span><\/p>\n<p><span style=\"font-family: arial,helvetica,sans-serif; font-size: small;\"><strong>24.10.2014 &#8212; Pietari Inkinen \u00fcbernimmt im September 2015 die Position als Chefdirigent der Prager Symphoniker. Sein Vertrag, der zun\u00e4chst f\u00fcr einen Zeitraum von drei Jahren geschlossen wird, umfasst pro Saison mindestens sechs Abonnement-Wochen in Prag sowie Sonderveranstaltungen.<\/strong><\/span><\/p>\n<p>\u00a0<\/p>\n<p><span style=\"font-size: small; font-family: arial,helvetica,sans-serif;\">Dar\u00fcber hinaus\u00a0 wird Inkinen das Orchester auf Tourneen dirigieren, darunter Reisen nach Grossbritannien im Jahr 2015 und Japan im Jahr 2016.\u00a0 Inkinen plant, sich weiterhin mit dem deutschen Kernrepertoire zu besch\u00e4ftigen, ausserdem soll das tschechische Repertoire einen wichtigen Teil der Programmgestaltung bestimmen. Auch finnische Kompositionen sollen in die Arbeit einbezogen werden.<\/span><\/p>\n<p><span style=\"font-size: small; font-family: arial,helvetica,sans-serif;\">\u00a0<\/span><\/p>\n<p><span style=\"font-size: small; font-family: arial,helvetica,sans-serif;\">Der 34-jahrige Inkinen ist seit acht Jahren Music Director des New Zealand Symphony Orchestra und seit f\u00fcnf Jahren Principal Guest Conductor des Japan Philharmonic Orchestra. Im Jahr 2015 tritt er dar\u00fcber hinaus seine Position als Chefdirigent der Ludwigsburger Schlossfestspiele an.<em> (cf)<\/em><br \/><\/span><\/p>\n<p>\u00a0<\/p>\n","protected":false},"excerpt":{"rendered":"<p><span style=\"font-family: arial,helvetica,sans-serif; font-size: small;\">24.10.2014 &#8212; Pietari Inkinen \u00fcbernimmt im September 2015 die Position als Chefdirigent der Prager Symphoniker. Sein Vertrag, der zun\u00e4chst f\u00fcr einen Zeitraum von drei Jahren geschlossen wird, umfasst pro Saison mindestens sechs Abonnement-Wochen in Prag sowie Sonderveranstaltungen.<\/span><\/p>\n","protected":false},"author":1,"featured_media":0,"comment_status":"open","ping_status":"open","sticky":false,"template":"","format":"standard","meta":{"footnotes":""},"categories":[2],"tags":[],"class_list":["post-1831","post","type-post","status-publish","format-standard","hentry","category-nachrichten","entry"],"_links":{"self":[{"href":"https:\/\/codexflores.ch\/index.php\/wp-json\/wp\/v2\/posts\/1831","targetHints":{"allow":["GET"]}}],"collection":[{"href":"https:\/\/codexflores.ch\/index.php\/wp-json\/wp\/v2\/posts"}],"about":[{"href":"https:\/\/codexflores.ch\/index.php\/wp-json\/wp\/v2\/types\/post"}],"author":[{"embeddable":true,"href":"https:\/\/codexflores.ch\/index.php\/wp-json\/wp\/v2\/users\/1"}],"replies":[{"embeddable":true,"href":"https:\/\/codexflores.ch\/index.php\/wp-json\/wp\/v2\/comments?post=1831"}],"version-history":[{"count":0,"href":"https:\/\/codexflores.ch\/index.php\/wp-json\/wp\/v2\/posts\/1831\/revisions"}],"wp:attachment":[{"href":"https:\/\/codexflores.ch\/index.php\/wp-json\/wp\/v2\/media?parent=1831"}],"wp:term":[{"taxonomy":"category","embeddable":true,"href":"https:\/\/codexflores.ch\/index.php\/wp-json\/wp\/v2\/categories?post=1831"},{"taxonomy":"post_tag","embeddable":true,"href":"https:\/\/codexflores.ch\/index.php\/wp-json\/wp\/v2\/tags?post=1831"}],"curies":[{"name":"wp","href":"https:\/\/api.w.org\/{rel}","templated":true}]}}