{"id":1835,"date":"2014-10-27T08:13:34","date_gmt":"2014-10-27T08:13:34","guid":{"rendered":"https:\/\/codexflores.ch\/index.php\/2014\/10\/27\/hkb-tueftelt-an-neuer-kontrabassklarinette\/"},"modified":"2014-10-27T08:13:34","modified_gmt":"2014-10-27T08:13:34","slug":"hkb-tueftelt-an-neuer-kontrabassklarinette","status":"publish","type":"post","link":"https:\/\/codexflores.ch\/index.php\/2014\/10\/27\/hkb-tueftelt-an-neuer-kontrabassklarinette\/","title":{"rendered":"HKB t\u00fcftelt an neuer Kontrabassklarinette"},"content":{"rendered":"<p><span style=\"font-family: arial,helvetica,sans-serif; font-size: small;\">27.10.2014 &#8212; Die Schweizer Bundesf\u00f6rderagentur KTI (Kommission f\u00fcr Technologie und Innovation) hat das interdisziplin\u00e4r angelegte Projekt \u00abContrabassclarinet Extended\u00bb bewilligt. Mit der Firma Segelke+Partners als Praxispartner entwickeln die Hochschule der K\u00fcnste Bern und das Departement Technik der Berner Fachhochschule eine neue Kontrabassklarinette zu einem serienreifen Prototypen.<\/span><\/p>\n<p><strong><span style=\"font-family: arial,helvetica,sans-serif; font-size: small;\">27.10.2014 &#8212; Die Schweizer Bundesf\u00f6rderagentur KTI (Kommission f\u00fcr Technologie und Innovation) hat das interdisziplin\u00e4r angelegte Projekt \u00abContrabassclarinet Extended\u00bb bewilligt. Mit der Firma Segelke+Partners als Praxispartner entwickeln die Hochschule der K\u00fcnste Bern und das Departement Technik der Berner Fachhochschule eine neue Kontrabassklarinette zu einem serienreifen Prototypen.<\/span><\/strong><\/p>\n<p><span style=\"font-family: arial,helvetica,sans-serif; font-size: small;\">\u00a0<\/span><\/p>\n<p><span style=\"font-family: arial,helvetica,sans-serif; font-size: small;\">Die neue Kontrabassklarinette soll die mangelnde klangliche und technische Qualit\u00e4t des Instrumentes \u00fcberwinden, und zwar unter einer <span style=\"font-family: arial,helvetica,sans-serif; font-size: small;\">\u00ab<\/span>radikal neuen Pr\u00e4misse<span style=\"font-family: arial,helvetica,sans-serif; font-size: small;\">\u00bb<\/span>: Durch die Ersetzung der traditionellen Mechanik mittels sensorisch-dynamischer Tasten und Motorklappen seien keine Kompromisse hinsichtlich der Setzung der Tonl\u00f6cher mehr n\u00f6tig, schreibt die HKB. Klang und Intonation w\u00fcrden markant verbessert und neue Schnittstellen f\u00fcr Komponisten und Interpreten, ja selbst f\u00fcr Medien-Kunst geschaffen. Das Projekt von Ernesto\u00a0Molinari wird von Roman\u00a0Brotbeck geleitet.<\/span><\/p>\n<p><span style=\"font-family: arial,helvetica,sans-serif; font-size: small;\">\u00a0<\/span><\/p>\n<p><span style=\"font-family: arial,helvetica,sans-serif; font-size: small;\">Die HKB wurde \u00fcberdies eingeladen, beim EU-Projekt <span style=\"font-family: arial,helvetica,sans-serif; font-size: small;\"><span style=\"font-family: arial,helvetica,sans-serif; font-size: small;\">\u00ab<\/span><\/span>Experimentation versus Interpretation: Exploring New Paths in Music Performance in the Twenty-First Century<span style=\"font-family: arial,helvetica,sans-serif; font-size: small;\"><span style=\"font-family: arial,helvetica,sans-serif; font-size: small;\">\u00bb<\/span><\/span> des European Research Council &amp; Orpheus Institute, Ghent, teilzunehmen. SNF-F\u00f6rderungsprofessor Kai K\u00f6pp wird dabei als st\u00e4ndiger Experte wirken und sich mit einer Untersuchung von historischen Aufnahmen aus dem Sch\u00f6nberg-Kreis beteiligen. <\/span><\/p>\n<p><span style=\"font-family: arial,helvetica,sans-serif; font-size: small;\">\u00a0<\/span><\/p>\n<p><span style=\"font-family: arial,helvetica,sans-serif; font-size: small;\">Wie das lange 19. Jahrhundert Beethovens Klavierwerk rezipierte, erforscht ein neues SNF-Projekt, das von Thomas Gartmann, dem Leiter der Forschung an der HKB, erfolgreich eingegeben worden ist: Von beiden Enden her untersuchen zwei eng verzahnte Dissertationen, wie sich nach Beethovens Tod interpretatorische Praktiken ver\u00e4ndert und weiterentwickelt haben und damit zu einem massgeblichen Teil noch heute unser Beethoven-Bild pr\u00e4gen.<\/span><\/p>\n<p><span style=\"font-family: arial,helvetica,sans-serif; font-size: small;\">\u00a0<\/span><\/p>\n<p><span style=\"font-family: arial,helvetica,sans-serif; font-size: small;\"> Leonardo Miucci geht dabei von Ignaz Moscheles\u2019 Tagebuchaufzeichnungen, Briefen und Klavierschulen aus und vergleicht dazu die beiden grossen Beethoven-Editionen, die er in den 1830er Jahren f\u00fcr den englischen und zwanzig Jahre sp\u00e4ter f\u00fcr den deutschen Markt anfertigte. Manuel B\u00e4rtsch wertet Aufnahmen mit Welte-Mignon-Rollen und fr\u00fche akustische Einspielungen aus und kontextualisiert sie historisch wie \u00e4sthetisch. Im Fokus beider Studien stehen Artikulation, Dynamik, Agogik, Pedalisierung, (Umsetzung von) Vortragsbezeichnungen, Tempo und Metronomisierung. <em>(cf)\u00a0<\/em> <br \/><\/span><\/p>\n<p>\u00a0<\/p>\n<p><span style=\"font-family: arial,helvetica,sans-serif; font-size: small;\">\u00a0<\/span><\/p>\n<p>\u00a0<\/p>\n","protected":false},"excerpt":{"rendered":"<p><span style=\"font-family: arial,helvetica,sans-serif; font-size: small;\">27.10.2014 &#8212; Die Schweizer Bundesf\u00f6rderagentur KTI (Kommission f\u00fcr Technologie und Innovation) hat das interdisziplin\u00e4r angelegte Projekt \u00abContrabassclarinet Extended\u00bb bewilligt. Mit der Firma Segelke+Partners als Praxispartner entwickeln die Hochschule der K\u00fcnste Bern und das Departement Technik der Berner Fachhochschule eine neue Kontrabassklarinette zu einem serienreifen Prototypen.<\/span><\/p>\n","protected":false},"author":1,"featured_media":0,"comment_status":"open","ping_status":"open","sticky":false,"template":"","format":"standard","meta":{"footnotes":""},"categories":[2],"tags":[],"class_list":["post-1835","post","type-post","status-publish","format-standard","hentry","category-nachrichten","entry"],"_links":{"self":[{"href":"https:\/\/codexflores.ch\/index.php\/wp-json\/wp\/v2\/posts\/1835","targetHints":{"allow":["GET"]}}],"collection":[{"href":"https:\/\/codexflores.ch\/index.php\/wp-json\/wp\/v2\/posts"}],"about":[{"href":"https:\/\/codexflores.ch\/index.php\/wp-json\/wp\/v2\/types\/post"}],"author":[{"embeddable":true,"href":"https:\/\/codexflores.ch\/index.php\/wp-json\/wp\/v2\/users\/1"}],"replies":[{"embeddable":true,"href":"https:\/\/codexflores.ch\/index.php\/wp-json\/wp\/v2\/comments?post=1835"}],"version-history":[{"count":0,"href":"https:\/\/codexflores.ch\/index.php\/wp-json\/wp\/v2\/posts\/1835\/revisions"}],"wp:attachment":[{"href":"https:\/\/codexflores.ch\/index.php\/wp-json\/wp\/v2\/media?parent=1835"}],"wp:term":[{"taxonomy":"category","embeddable":true,"href":"https:\/\/codexflores.ch\/index.php\/wp-json\/wp\/v2\/categories?post=1835"},{"taxonomy":"post_tag","embeddable":true,"href":"https:\/\/codexflores.ch\/index.php\/wp-json\/wp\/v2\/tags?post=1835"}],"curies":[{"name":"wp","href":"https:\/\/api.w.org\/{rel}","templated":true}]}}