{"id":1837,"date":"2014-10-28T07:13:07","date_gmt":"2014-10-28T07:13:07","guid":{"rendered":"https:\/\/codexflores.ch\/index.php\/2014\/10\/28\/musiker-protestieren-gegen-missliebigen-dirigenten\/"},"modified":"2014-10-28T07:13:07","modified_gmt":"2014-10-28T07:13:07","slug":"musiker-protestieren-gegen-missliebigen-dirigenten","status":"publish","type":"post","link":"https:\/\/codexflores.ch\/index.php\/2014\/10\/28\/musiker-protestieren-gegen-missliebigen-dirigenten\/","title":{"rendered":"Musiker protestieren gegen missliebigen Dirigenten"},"content":{"rendered":"<p><span style=\"font-family: arial,helvetica,sans-serif; font-size: small;\">28.10.2104 &#8212; Ungew\u00f6hliches zugetragen hat sich in Spanien: Musiker des\u00a0Real Orquesta Sinf\u00f3nica de Sevilla protestierten auf dem Podium offen gegen einen k\u00fcnstlerischen Leiter, der ihnen ihrer Meinung nach aufgezwungen worden ist.<\/span><\/p>\n<p>\u00a0<\/p>\n<p><span style=\"font-family: arial,helvetica,sans-serif; font-size: small;\"><strong>28.10.2104 &#8212; Ungew\u00f6hliches zugetragen hat sich in Spanien: Musiker des\u00a0Real Orquesta Sinf\u00f3nica de Sevilla protestierten auf dem Podium gegen einen k\u00fcnstlerischen Leiter, der ihnen ihrer Meinung nach aufgezwungen worden ist.<\/strong><\/span><\/p>\n<p>\u00a0<\/p>\n<p><span style=\"font-family: arial,helvetica,sans-serif; font-size: small;\">Laut einem <a href=\"http:\/\/www.elmundo.es\/andalucia\/2014\/10\/24\/544a0fb9ca474130598b4570.html\" target=\"_blank\" rel=\"noopener noreferrer\">Bericht<\/a> der spanischen Zeitung <em>El Mundo<\/em> trugen die Mitglieder des Orchesters als Zeichen des Protestes gegen ihren K\u00fcnstlerischen Leiter Pedro Halffter gr\u00fcne B\u00e4nder am Revers. Sie gaben damit ihrer \u00dcberzeugung Ausrduck, dass seine Ernennung Folge nepotistischer Strukturen und nicht Wille des Ensembles war.<\/span><\/p>\n<p>\u00a0<\/p>\n<p><span style=\"font-family: arial,helvetica,sans-serif; font-size: small;\">Der geb\u00fcrtige Madrilene Pedro Halffter ist neben seinem Engagement in Sevilla K\u00fcnstlerischer Leiter und Chefdirigent des Orquesta Filarm\u00f3nica de Gran Canaria. Von 2001 bis 2004 war er zudem Erster Gastdirigent der N\u00fcrnberger Symphoniker, und 2002 und 2003 Leiter des Orchesters des Festivals junger K\u00fcnstler Bayreuth. <em>(cf)<\/em><br \/><\/span><\/p>\n<p><span style=\"font-family: arial,helvetica,sans-serif; font-size: small;\">\u00a0<\/span><\/p>\n","protected":false},"excerpt":{"rendered":"<p><span style=\"font-family: arial,helvetica,sans-serif; font-size: small;\">28.10.2104 &#8212; Ungew\u00f6hliches zugetragen hat sich in Spanien: Musiker des\u00a0Real Orquesta Sinf\u00f3nica de Sevilla protestierten auf dem Podium offen gegen einen k\u00fcnstlerischen Leiter, der ihnen ihrer Meinung nach aufgezwungen worden ist.<\/span><\/p>\n","protected":false},"author":1,"featured_media":0,"comment_status":"open","ping_status":"open","sticky":false,"template":"","format":"standard","meta":{"footnotes":""},"categories":[2],"tags":[],"class_list":["post-1837","post","type-post","status-publish","format-standard","hentry","category-nachrichten","entry"],"_links":{"self":[{"href":"https:\/\/codexflores.ch\/index.php\/wp-json\/wp\/v2\/posts\/1837","targetHints":{"allow":["GET"]}}],"collection":[{"href":"https:\/\/codexflores.ch\/index.php\/wp-json\/wp\/v2\/posts"}],"about":[{"href":"https:\/\/codexflores.ch\/index.php\/wp-json\/wp\/v2\/types\/post"}],"author":[{"embeddable":true,"href":"https:\/\/codexflores.ch\/index.php\/wp-json\/wp\/v2\/users\/1"}],"replies":[{"embeddable":true,"href":"https:\/\/codexflores.ch\/index.php\/wp-json\/wp\/v2\/comments?post=1837"}],"version-history":[{"count":0,"href":"https:\/\/codexflores.ch\/index.php\/wp-json\/wp\/v2\/posts\/1837\/revisions"}],"wp:attachment":[{"href":"https:\/\/codexflores.ch\/index.php\/wp-json\/wp\/v2\/media?parent=1837"}],"wp:term":[{"taxonomy":"category","embeddable":true,"href":"https:\/\/codexflores.ch\/index.php\/wp-json\/wp\/v2\/categories?post=1837"},{"taxonomy":"post_tag","embeddable":true,"href":"https:\/\/codexflores.ch\/index.php\/wp-json\/wp\/v2\/tags?post=1837"}],"curies":[{"name":"wp","href":"https:\/\/api.w.org\/{rel}","templated":true}]}}