{"id":1839,"date":"2014-10-29T07:02:50","date_gmt":"2014-10-29T07:02:50","guid":{"rendered":"https:\/\/codexflores.ch\/index.php\/2014\/10\/29\/musikrat-warnt-vor-folgen-von-freihandelsabkommen\/"},"modified":"2014-10-29T07:02:50","modified_gmt":"2014-10-29T07:02:50","slug":"musikrat-warnt-vor-folgen-von-freihandelsabkommen","status":"publish","type":"post","link":"https:\/\/codexflores.ch\/index.php\/2014\/10\/29\/musikrat-warnt-vor-folgen-von-freihandelsabkommen\/","title":{"rendered":"Musikrat warnt vor Folgen von Freihandelsabkommen"},"content":{"rendered":"<p><span style=\"font-family: arial,helvetica,sans-serif; font-size: small;\">29.10.2014 &#8212; Die Mitgliederversammlung 2014 des Deutschen Musikrates hat die Resolution \u00abVer\u00e4nderung braucht den Dialog. Aufruf f\u00fcr den Schutz und die F\u00f6rderung der Kulturellen Vielfalt in Deutschland\u00bb verabschiedet. Im Fokus stehen die geplanten internationalen Abkommen TTIP, CETA und TiSA.<\/span><\/p>\n<p>\u00a0<\/p>\n<p><span style=\"font-family: arial,helvetica,sans-serif; font-size: small;\"><strong>29.10.2014 &#8212; Die Mitgliederversammlung 2014 des Deutschen Musikrates hat die Resolution \u00abVer\u00e4nderung braucht den Dialog. Aufruf f\u00fcr den Schutz und die F\u00f6rderung der Kulturellen Vielfalt in Deutschland\u00bb verabschiedet. Im Fokus stehen die geplanten internationalen Abkommen TTIP, CETA und TiSA.<\/strong><\/span><\/p>\n<p>\u00a0<\/p>\n<p><span style=\"font-family: arial,helvetica,sans-serif; font-size: small;\">Die\u00a0Resolution enth\u00e4lt einen Zehn-Punkte-Forderungskatalog an Bundeskanzlerin Angela Merkel und Vizekanzler Sigmar Gabriel zu den internationalen Freihandels- und Dienstleistungsabkommen. Die Mitglieder des Rates sind laut Generalsekret\u00e4r Christian H\u00f6ppner \u00abtief besorgt um den Kultur-, Bildungs- und Wissenschaftsstandort Deutschland\u00bb.<\/span><\/p>\n<p>\u00a0<\/p>\n<p><span style=\"font-family: arial,helvetica,sans-serif; font-size: small;\"> Insbesondere TiSA r\u00fcttle an der identit\u00e4tsbildenden Aufgabe von Bildung und Kultur, so H\u00f6ppner weiter. Es k\u00f6nne nicht sein, dass s\u00e4mtliche \u00f6ffentlich gef\u00f6rderten Bildungs-, Kultur- und Wissenschaftseinrichtungen, darunter Orchester, \u00f6ffentliche Musikschulen, Universit\u00e4ten, Hochschulen, Theater, Ensembles des Laienmusizierens sowie der \u00f6ffentlich-rechtliche Rundfunk aufgrund der marktradikalen Liberalisierungspolitik der EU-Kommission in ihrer Existenz bedroht seien.<\/span><\/p>\n<p>\u00a0<\/p>\n<p><span style=\"font-family: arial,helvetica,sans-serif; font-size: small;\"> Mit dem Forderungskatalog ruft der Deutsche Musikrat Bundeskanzlerin Angela Merkel und Vizekanzler Sigmar Gabriel auf, \u00abeine Kurskorrektur in den Europ\u00e4ischen Rat einzubringen\u00bb. Kulturelle Vielfalt und Gemeinwohl seien nicht verhandelbar. <em>(cf)<\/em><\/span><\/p>\n","protected":false},"excerpt":{"rendered":"<p><span style=\"font-family: arial,helvetica,sans-serif; font-size: small;\">29.10.2014 &#8212; Die Mitgliederversammlung 2014 des Deutschen Musikrates hat die Resolution \u00abVer\u00e4nderung braucht den Dialog. Aufruf f\u00fcr den Schutz und die F\u00f6rderung der Kulturellen Vielfalt in Deutschland\u00bb verabschiedet. Im Fokus stehen die geplanten internationalen Abkommen TTIP, CETA und TiSA.<\/span><\/p>\n","protected":false},"author":1,"featured_media":0,"comment_status":"open","ping_status":"open","sticky":false,"template":"","format":"standard","meta":{"footnotes":""},"categories":[2],"tags":[],"class_list":["post-1839","post","type-post","status-publish","format-standard","hentry","category-nachrichten","entry"],"_links":{"self":[{"href":"https:\/\/codexflores.ch\/index.php\/wp-json\/wp\/v2\/posts\/1839","targetHints":{"allow":["GET"]}}],"collection":[{"href":"https:\/\/codexflores.ch\/index.php\/wp-json\/wp\/v2\/posts"}],"about":[{"href":"https:\/\/codexflores.ch\/index.php\/wp-json\/wp\/v2\/types\/post"}],"author":[{"embeddable":true,"href":"https:\/\/codexflores.ch\/index.php\/wp-json\/wp\/v2\/users\/1"}],"replies":[{"embeddable":true,"href":"https:\/\/codexflores.ch\/index.php\/wp-json\/wp\/v2\/comments?post=1839"}],"version-history":[{"count":0,"href":"https:\/\/codexflores.ch\/index.php\/wp-json\/wp\/v2\/posts\/1839\/revisions"}],"wp:attachment":[{"href":"https:\/\/codexflores.ch\/index.php\/wp-json\/wp\/v2\/media?parent=1839"}],"wp:term":[{"taxonomy":"category","embeddable":true,"href":"https:\/\/codexflores.ch\/index.php\/wp-json\/wp\/v2\/categories?post=1839"},{"taxonomy":"post_tag","embeddable":true,"href":"https:\/\/codexflores.ch\/index.php\/wp-json\/wp\/v2\/tags?post=1839"}],"curies":[{"name":"wp","href":"https:\/\/api.w.org\/{rel}","templated":true}]}}