{"id":1844,"date":"2014-10-30T07:07:43","date_gmt":"2014-10-30T07:07:43","guid":{"rendered":"https:\/\/codexflores.ch\/index.php\/2014\/10\/30\/quatuor-ebene-mit-neuem-bratischisten\/"},"modified":"2014-10-30T07:07:43","modified_gmt":"2014-10-30T07:07:43","slug":"quatuor-ebene-mit-neuem-bratischisten","status":"publish","type":"post","link":"https:\/\/codexflores.ch\/index.php\/2014\/10\/30\/quatuor-ebene-mit-neuem-bratischisten\/","title":{"rendered":"Quatuor Eb\u00e8ne mit neuem Bratischisten"},"content":{"rendered":"<p>30.10.2014 &#8212; Das Quatuor Eb\u00e8ne erf\u00e4hrt am Bratschenpult einen Personenwechsel. Mathieu Herzog verl\u00e4ssst das Ensemble, um eigene Projekte zu verfolgen. Sein Nachfolger ist gerade mal 23 Jahre alt.<\/p>\n<p><strong>30.10.2014 &#8212; Das Quatuor Eb\u00e8ne erf\u00e4hrt am Bratschenpult einen Personenwechsel. Mathieu Herzog verl\u00e4ssst das Ensemble, um eigene Projekte zu verfolgen. Sein Nachfolger ist gerade mal 23 Jahre alt.<\/strong><\/p>\n<p>\u00a0<\/p>\n<p>Neu an der Viola im Quartett ist Adrien Boisseau. Der 23j\u00e4hrige hat an der Ecole Nationale de Musique de Nevers, am Conservatoire National Sup\u00e9rieur de Musique de Paris, der Hochschule f\u00fcr Musik Hanns Eisler Berlin und an der Kronberg Academy studiert.<\/p>\n<p>\u00a0<\/p>\n<p>2009 hat Boisseau in Berlin den Internationalen Max Rostal Wettbewerb f\u00fcr sich entschieden. 2013 gewann er an der Yuri Bashmet International Viola Competition den zweiten Preis. <em>(cf)<\/em><\/p>\n<p>\u00a0<\/p>\n","protected":false},"excerpt":{"rendered":"<p>30.10.2014 &#8212; Das Quatuor Eb\u00e8ne erf\u00e4hrt am Bratschenpult einen Personenwechsel. Mathieu Herzog verl\u00e4ssst das Ensemble, um eigene Projekte zu verfolgen. Sein Nachfolger ist gerade mal 23 Jahre alt.<\/p>\n","protected":false},"author":1,"featured_media":0,"comment_status":"open","ping_status":"open","sticky":false,"template":"","format":"standard","meta":{"footnotes":""},"categories":[2],"tags":[],"class_list":["post-1844","post","type-post","status-publish","format-standard","hentry","category-nachrichten","entry"],"_links":{"self":[{"href":"https:\/\/codexflores.ch\/index.php\/wp-json\/wp\/v2\/posts\/1844","targetHints":{"allow":["GET"]}}],"collection":[{"href":"https:\/\/codexflores.ch\/index.php\/wp-json\/wp\/v2\/posts"}],"about":[{"href":"https:\/\/codexflores.ch\/index.php\/wp-json\/wp\/v2\/types\/post"}],"author":[{"embeddable":true,"href":"https:\/\/codexflores.ch\/index.php\/wp-json\/wp\/v2\/users\/1"}],"replies":[{"embeddable":true,"href":"https:\/\/codexflores.ch\/index.php\/wp-json\/wp\/v2\/comments?post=1844"}],"version-history":[{"count":0,"href":"https:\/\/codexflores.ch\/index.php\/wp-json\/wp\/v2\/posts\/1844\/revisions"}],"wp:attachment":[{"href":"https:\/\/codexflores.ch\/index.php\/wp-json\/wp\/v2\/media?parent=1844"}],"wp:term":[{"taxonomy":"category","embeddable":true,"href":"https:\/\/codexflores.ch\/index.php\/wp-json\/wp\/v2\/categories?post=1844"},{"taxonomy":"post_tag","embeddable":true,"href":"https:\/\/codexflores.ch\/index.php\/wp-json\/wp\/v2\/tags?post=1844"}],"curies":[{"name":"wp","href":"https:\/\/api.w.org\/{rel}","templated":true}]}}