{"id":1848,"date":"2014-10-31T07:29:05","date_gmt":"2014-10-31T07:29:05","guid":{"rendered":"https:\/\/codexflores.ch\/index.php\/2014\/10\/31\/boeer-kuenstlerischen-leiter-des-cantiere-internazionale-d-arte\/"},"modified":"2014-10-31T07:29:05","modified_gmt":"2014-10-31T07:29:05","slug":"boeer-kuenstlerischen-leiter-des-cantiere-internazionale-d-arte","status":"publish","type":"post","link":"https:\/\/codexflores.ch\/index.php\/2014\/10\/31\/boeer-kuenstlerischen-leiter-des-cantiere-internazionale-d-arte\/","title":{"rendered":"B\u00f6er K\u00fcnstlerischer Leiter des Cantiere Internazionale d\u2019Arte"},"content":{"rendered":"<p><span style=\"font-family: arial,helvetica,sans-serif; font-size: small;\">31.10.2014 &#8212; Roland B\u00f6er, seit 2009 musikalischer Leiter des von Hans Werner Henze gegr\u00fcndeten Festivals Cantiere Internazionale d\u2019Arte in Montepulciano, ist ebendort auch zum K\u00fcnstlerischen Leiter ernannt worden.<\/span><\/p>\n<p><span style=\"font-family: arial,helvetica,sans-serif; font-size: small;\"><strong> 31.10.2014 &#8212; Roland B\u00f6er, seit 2009 musikalischer Leiter des von Hans Werner Henze gegr\u00fcndeten Festivals Cantiere Internazionale d\u2019Arte in Montepulciano, ist ebendort auch zum K\u00fcnstlerischen Leiter ernannt worden.<\/strong><\/span><\/p>\n<p>\u00a0<\/p>\n<p><span style=\"font-family: arial,helvetica,sans-serif; font-size: small;\">Neben der Pflege des klassisch-romantisch-modernen Standardrepertoires galt sein Interesse bisher dem symphonischen Schaffen Henzes, aber auch anderer zeitgen\u00f6ssischer Komponisten wie Rihm, Glanert, Rudin und Montalbetti.<\/span><\/p>\n<p>\u00a0<\/p>\n<p><span style=\"font-family: arial,helvetica,sans-serif; font-size: small;\">B\u00f6er studierte Klavier bei Theodora Lungu und Edith Thauer, Komposition bei Claus K\u00fchnl und Heinz Winbeck sowie Dirigieren bei G\u00fcnther Wich und Peter Falk. Nach seinem ersten Engagement als Solorepetitor an der Oper Frankfurt (Main) 1996 bis 1999 ging er 1999 bis 2001 als Solorepetitor mit Dirigierverpflichtung an die Deutsche Oper am Rhein in D\u00fcsseldorf\/Duisburg.<\/span><\/p>\n<p>\u00a0<\/p>\n<p><span style=\"font-family: arial,helvetica,sans-serif; font-size: small;\"> Gleichzeitig arbeitete er als Assistent von Antonio Pappano w\u00e4hrend der Bayreuther Festspiele, am Th\u00e9\u00e2tre de la Monnaie in Br\u00fcssel und am Royal Opera House Covent Garden in London. 2002 bis 2008 war B\u00f6er Kapellmeister der Oper Frankfurt (Main), wohin er seither regelm\u00e4ssig als Gastdirigent zur\u00fcckkehrt. <em>(cf)<\/em><\/span><\/p>\n","protected":false},"excerpt":{"rendered":"<p><span style=\"font-family: arial,helvetica,sans-serif; font-size: small;\">31.10.2014 &#8212; Roland B\u00f6er, seit 2009 musikalischer Leiter des von Hans Werner Henze gegr\u00fcndeten Festivals Cantiere Internazionale d\u2019Arte in Montepulciano, ist ebendort auch zum K\u00fcnstlerischen Leiter ernannt worden.<\/span><\/p>\n","protected":false},"author":1,"featured_media":0,"comment_status":"open","ping_status":"open","sticky":false,"template":"","format":"standard","meta":{"footnotes":""},"categories":[2],"tags":[],"class_list":["post-1848","post","type-post","status-publish","format-standard","hentry","category-nachrichten","entry"],"_links":{"self":[{"href":"https:\/\/codexflores.ch\/index.php\/wp-json\/wp\/v2\/posts\/1848","targetHints":{"allow":["GET"]}}],"collection":[{"href":"https:\/\/codexflores.ch\/index.php\/wp-json\/wp\/v2\/posts"}],"about":[{"href":"https:\/\/codexflores.ch\/index.php\/wp-json\/wp\/v2\/types\/post"}],"author":[{"embeddable":true,"href":"https:\/\/codexflores.ch\/index.php\/wp-json\/wp\/v2\/users\/1"}],"replies":[{"embeddable":true,"href":"https:\/\/codexflores.ch\/index.php\/wp-json\/wp\/v2\/comments?post=1848"}],"version-history":[{"count":0,"href":"https:\/\/codexflores.ch\/index.php\/wp-json\/wp\/v2\/posts\/1848\/revisions"}],"wp:attachment":[{"href":"https:\/\/codexflores.ch\/index.php\/wp-json\/wp\/v2\/media?parent=1848"}],"wp:term":[{"taxonomy":"category","embeddable":true,"href":"https:\/\/codexflores.ch\/index.php\/wp-json\/wp\/v2\/categories?post=1848"},{"taxonomy":"post_tag","embeddable":true,"href":"https:\/\/codexflores.ch\/index.php\/wp-json\/wp\/v2\/tags?post=1848"}],"curies":[{"name":"wp","href":"https:\/\/api.w.org\/{rel}","templated":true}]}}