{"id":1854,"date":"2014-11-03T07:33:49","date_gmt":"2014-11-03T07:33:49","guid":{"rendered":"https:\/\/codexflores.ch\/index.php\/2014\/11\/03\/feel-the-music-wir-europaeisch-geehrt\/"},"modified":"2014-11-03T07:33:49","modified_gmt":"2014-11-03T07:33:49","slug":"feel-the-music-wir-europaeisch-geehrt","status":"publish","type":"post","link":"https:\/\/codexflores.ch\/index.php\/2014\/11\/03\/feel-the-music-wir-europaeisch-geehrt\/","title":{"rendered":"\u00abFeel the Music\u00bb ist europ\u00e4isch geehrt worden"},"content":{"rendered":"<p><span style=\"font-family: arial,helvetica,sans-serif; font-size: small;\">03.11.2014 &#8212; Das Projekt\u00a0\u00abFeel the Music\u00bb des Mahler Chamber Orchestra, das heuer beim Lucerne Festival am Piano gastiert, ist zum Europ\u00e4ischen Bildungsprogramm des Jahres 2014 ernannt worden.<\/span><\/p>\n<p><span style=\"font-family: arial,helvetica,sans-serif; font-size: small;\"><strong>03.11.2014 &#8212;\u00a0Das Projekt\u00a0\u00abFeel the Music\u00bb des Mahler Chamber Orchestra, das heuer beim Lucerne Festival am Piano gastiert, ist zum Europ\u00e4ischen Bildungsprogramm des Jahres 2014 ernannt worden.<\/strong><\/span><\/p>\n<p>\u00a0<\/p>\n<p><span style=\"font-family: arial,helvetica,sans-serif; font-size: small;\">\u00abFeel the Music\u00bb begleitet den vierj\u00e4hrigen Zyklus \u00abThe Beethoven Journey\u00bb des Mahler Chamber Orchestra und seines Artistic Partners Leif Ove Andsnes. Seit 2012 touren der norwegische Pianist und das Mahler Chamber Orchestra mit Beethovens Klavierkonzerten um die Welt. Es kn\u00fcpft an das Thema Musik und Geh\u00f6rlosigkeit an, von dem Beethoven im Lauf seines Lebens zunehmend betroffen war.<\/span><\/p>\n<p>\u00a0<\/p>\n<p><span style=\"font-family: arial,helvetica,sans-serif; font-size: small;\">Das Projekt \u00f6ffnet die Welt der Musik f\u00fcr geh\u00f6rlose und schwerh\u00f6rige Kinder. In mehreren Workshops, die sowohl an den Schulen als auch in den Konzerts\u00e4len stattfinden, erleben die Kinder, wie Musik mit allen Sinnen wahrgenommen werden kann. \u00dcber 150 Kinder aus 7 L\u00e4ndern haben bisher daran teilgenommen.<\/span><\/p>\n<p>\u00a0<\/p>\n<p><span style=\"font-family: arial,helvetica,sans-serif; font-size: small;\">Zugesprochen wurude der Preis von einer 31-k\u00f6pfigen Expertenjury zum Europ\u00e4ischen Bildungsprogramm des Jahres 2014. Das Mahler Chamber Orchestra hat ihn letzte Woche an der 9. Night of Cultural Brands in der Staatsoper im Schillertheater in Berlin entgegengenommen. <em>(cf)<\/em><\/span><\/p>\n<p>\u00a0<\/p>\n<p>\u00a0<\/p>\n<p>\u00a0<\/p>\n","protected":false},"excerpt":{"rendered":"<p><span style=\"font-family: arial,helvetica,sans-serif; font-size: small;\">03.11.2014 &#8212; Das Projekt\u00a0\u00abFeel the Music\u00bb des Mahler Chamber Orchestra, das heuer beim Lucerne Festival am Piano gastiert, ist zum Europ\u00e4ischen Bildungsprogramm des Jahres 2014 ernannt worden.<\/span><\/p>\n","protected":false},"author":1,"featured_media":0,"comment_status":"open","ping_status":"open","sticky":false,"template":"","format":"standard","meta":{"footnotes":""},"categories":[2],"tags":[],"class_list":["post-1854","post","type-post","status-publish","format-standard","hentry","category-nachrichten","entry"],"_links":{"self":[{"href":"https:\/\/codexflores.ch\/index.php\/wp-json\/wp\/v2\/posts\/1854","targetHints":{"allow":["GET"]}}],"collection":[{"href":"https:\/\/codexflores.ch\/index.php\/wp-json\/wp\/v2\/posts"}],"about":[{"href":"https:\/\/codexflores.ch\/index.php\/wp-json\/wp\/v2\/types\/post"}],"author":[{"embeddable":true,"href":"https:\/\/codexflores.ch\/index.php\/wp-json\/wp\/v2\/users\/1"}],"replies":[{"embeddable":true,"href":"https:\/\/codexflores.ch\/index.php\/wp-json\/wp\/v2\/comments?post=1854"}],"version-history":[{"count":0,"href":"https:\/\/codexflores.ch\/index.php\/wp-json\/wp\/v2\/posts\/1854\/revisions"}],"wp:attachment":[{"href":"https:\/\/codexflores.ch\/index.php\/wp-json\/wp\/v2\/media?parent=1854"}],"wp:term":[{"taxonomy":"category","embeddable":true,"href":"https:\/\/codexflores.ch\/index.php\/wp-json\/wp\/v2\/categories?post=1854"},{"taxonomy":"post_tag","embeddable":true,"href":"https:\/\/codexflores.ch\/index.php\/wp-json\/wp\/v2\/tags?post=1854"}],"curies":[{"name":"wp","href":"https:\/\/api.w.org\/{rel}","templated":true}]}}