{"id":1859,"date":"2014-11-04T10:45:35","date_gmt":"2014-11-04T10:45:35","guid":{"rendered":"https:\/\/codexflores.ch\/index.php\/2014\/11\/04\/halseys-nachfolger-in-berlin-heisst-leenaars\/"},"modified":"2014-11-04T10:45:35","modified_gmt":"2014-11-04T10:45:35","slug":"halseys-nachfolger-in-berlin-heisst-leenaars","status":"publish","type":"post","link":"https:\/\/codexflores.ch\/index.php\/2014\/11\/04\/halseys-nachfolger-in-berlin-heisst-leenaars\/","title":{"rendered":"Halseys Nachfolger in Berlin heisst Leenaars"},"content":{"rendered":"<p><span style=\"font-family: arial,helvetica,sans-serif; font-size: small;\">04.11.2014 &#8212; Der 36-j\u00e4hrige Niederl\u00e4nder Gijs Leenaars wird neuer Chefdirigent und K\u00fcnstlerischer Leiter des Rundfunkchores Berlin und damit Nachfolger von Simon Halsey. Leenaars \u00fcbernimmt die Position zum 1. August 2015, sein Vertrag l\u00e4uft \u00fcber f\u00fcnf Jahre.<\/span><\/p>\n<p><span style=\"font-family: arial,helvetica,sans-serif; font-size: small;\"><strong>04.11.2014 &#8212; Der 36-j\u00e4hrige Niederl\u00e4nder Gijs Leenaars wird neuer Chefdirigent und K\u00fcnstlerischer Leiter des Rundfunkchores Berlin und damit Nachfolger von Simon Halsey. Leenaars \u00fcbernimmt die Position zum 1. August 2015, sein Vertrag l\u00e4uft \u00fcber f\u00fcnf Jahre.<\/strong><\/span><\/p>\n<p><span style=\"font-family: arial,helvetica,sans-serif; font-size: small;\">\u00a0<\/span><\/p>\n<p><span style=\"font-family: arial,helvetica,sans-serif; font-size: small;\">Seit 2012 ist Gijs Leenaars Chefdirigent des Niederl\u00e4ndischen Rundfunkchores. Er ist regelm\u00e4ssiger Gastdirigent des Collegium Vocale Gent, der Cappella Amsterdam und des Nederlands Kamerkoor. Als Dirigent arbeitet er ausserdem mit Ensembles wie dem Radio Filharmonisch Orkest, dem Rotterdams Philharmonisch Orkest und dem Orchestra Filarmonica di Torino. Seinen Vertrag in Hilversum wird Gijs Leenaars \u00fcber 2015 hinaus nicht verl\u00e4ngern, um sich voll seiner neuen Aufgabe in Berlin zu widmen.<\/span><\/p>\n<p>\u00a0<\/p>\n<p><span style=\"font-family: arial,helvetica,sans-serif; font-size: small;\">Gleichzeitig k\u00fcndigte der Rundfunkchor Berlin an, Simon Halsey zu seinem Ehrendirigenten zu ernennen. Die Verleihung des Ehrentitels erfolgt bei der offiziellen Verabschiedung Halseys im Rahmen des Mitsingkonzerts am 31. Mai 2015 in der Berliner Philharmonie.\u00a0 <em>(cf)<\/em><\/span><\/p>\n","protected":false},"excerpt":{"rendered":"<p><span style=\"font-family: arial,helvetica,sans-serif; font-size: small;\">04.11.2014 &#8212; Der 36-j\u00e4hrige Niederl\u00e4nder Gijs Leenaars wird neuer Chefdirigent und K\u00fcnstlerischer Leiter des Rundfunkchores Berlin und damit Nachfolger von Simon Halsey. Leenaars \u00fcbernimmt die Position zum 1. August 2015, sein Vertrag l\u00e4uft \u00fcber f\u00fcnf Jahre.<\/span><\/p>\n","protected":false},"author":1,"featured_media":0,"comment_status":"open","ping_status":"open","sticky":false,"template":"","format":"standard","meta":{"footnotes":""},"categories":[2],"tags":[],"class_list":["post-1859","post","type-post","status-publish","format-standard","hentry","category-nachrichten","entry"],"_links":{"self":[{"href":"https:\/\/codexflores.ch\/index.php\/wp-json\/wp\/v2\/posts\/1859","targetHints":{"allow":["GET"]}}],"collection":[{"href":"https:\/\/codexflores.ch\/index.php\/wp-json\/wp\/v2\/posts"}],"about":[{"href":"https:\/\/codexflores.ch\/index.php\/wp-json\/wp\/v2\/types\/post"}],"author":[{"embeddable":true,"href":"https:\/\/codexflores.ch\/index.php\/wp-json\/wp\/v2\/users\/1"}],"replies":[{"embeddable":true,"href":"https:\/\/codexflores.ch\/index.php\/wp-json\/wp\/v2\/comments?post=1859"}],"version-history":[{"count":0,"href":"https:\/\/codexflores.ch\/index.php\/wp-json\/wp\/v2\/posts\/1859\/revisions"}],"wp:attachment":[{"href":"https:\/\/codexflores.ch\/index.php\/wp-json\/wp\/v2\/media?parent=1859"}],"wp:term":[{"taxonomy":"category","embeddable":true,"href":"https:\/\/codexflores.ch\/index.php\/wp-json\/wp\/v2\/categories?post=1859"},{"taxonomy":"post_tag","embeddable":true,"href":"https:\/\/codexflores.ch\/index.php\/wp-json\/wp\/v2\/tags?post=1859"}],"curies":[{"name":"wp","href":"https:\/\/api.w.org\/{rel}","templated":true}]}}