{"id":1861,"date":"2014-11-05T06:48:49","date_gmt":"2014-11-05T06:48:49","guid":{"rendered":"https:\/\/codexflores.ch\/index.php\/2014\/11\/05\/br-klassik-fasst-ein-heisses-eisen-an\/"},"modified":"2014-11-05T06:48:49","modified_gmt":"2014-11-05T06:48:49","slug":"br-klassik-fasst-ein-heisses-eisen-an","status":"publish","type":"post","link":"https:\/\/codexflores.ch\/index.php\/2014\/11\/05\/br-klassik-fasst-ein-heisses-eisen-an\/","title":{"rendered":"BR-Klassik fasst ein heisses Eisen an"},"content":{"rendered":"<p><span style=\"font-family: arial,helvetica,sans-serif; font-size: small;\">05.11.2014 &#8211;Experten wie Publikum seien fast einhellig der Meinung, dass noch nie so schlecht, unkultiviert, s\u00e4nger- und traditionsverachtend gesungen worden sei wie heute, erkl\u00e4rt der Sender BR-Klassik. In einer direkt \u00fcbertragenen Podiumsdiskussion sollen nun unter anderem die S\u00e4ngerin Waltraud Meier, der Intendant Nikolaus Bachler und der Stimm-Mediziner Wolfram Seidner Klartext reden.<\/span><\/p>\n<p><span style=\"font-family: arial,helvetica,sans-serif; font-size: small;\"><strong>05.11.2014 &#8211;Experten wie Publikum seien fast einhellig der Meinung, dass noch nie so schlecht, unkultiviert, s\u00e4nger- und traditionsverachtend gesungen worden sei wie heute, erkl\u00e4rt der Sender BR-Klassik. In einer direkt \u00fcbertragenen Podiumsdiskussion sollen nun unter anderem die S\u00e4ngerin Waltraud Meier, der Intendant Nikolaus Bachler und der Stimm-Mediziner Wolfram Seidner Klartext reden.<\/strong><\/span><\/p>\n<p>\u00a0<\/p>\n<p><span style=\"font-family: arial,helvetica,sans-serif; font-size: small;\">L\u00e4ngst habe sich der tats\u00e4chliche oder vermeintliche Verschleiss von stimmlichen Ressourcen und erworbener Gesangskultur in der allgemeinen Wahrnehmung fest eingeschrieben, so der Sender weiter. Viele S\u00e4ngerbiografien, auch prominenter K\u00fcnstler, zeugten von diesem Raubbau.<\/span><\/p>\n<p><span style=\"font-family: arial,helvetica,sans-serif; font-size: small;\">\u00a0<\/span><\/p>\n<p><span style=\"font-family: arial,helvetica,sans-serif; font-size: small;\">Wo endet diese Entwicklung? Wer tr\u00e4gt daf\u00fcr die Verantwortung? Und welche Rolle spielt dabei der gesellschaftliche Bedeutungsverlust der klassischen Musik? Dar\u00fcber diskutieren die S\u00e4ngerin Waltraud Meier, Staatsintendant Nikolaus Bachler, der Regisseur Johannes Erath und der Stimm-Mediziner Wolfram Seidner.<br \/><\/span><\/p>\n<p><span style=\"font-family: arial,helvetica,sans-serif; font-size: small;\">\u00a0<\/span><\/p>\n<p><span style=\"font-family: arial,helvetica,sans-serif; font-size: small;\">Die Gespr\u00e4chsrunde findet am Donnerstag, 20. November 2014, um 20 Uhr auf der Grossen Probeb\u00fchne der Bayerischen Staatsoper in M\u00fcnchen statt. BR-Klassik \u00fcbertr\u00e4gt live im H\u00f6rfunk und im Livestream unter <a href=\"http:\/\/www.br-klassik.de\" target=\"_blank\" rel=\"noopener noreferrer\">www.br-klassik.de<\/a>. Der Eintritt ist frei, kostenlose Karten sind erh\u00e4ltlich \u00fcber die Kasse der Bayerischen Staatstheater. <em>(cf)\u00a0<\/em><\/span><\/p>\n<p><span style=\"font-family: arial,helvetica,sans-serif; font-size: small;\">\u00a0<\/span><\/p>\n","protected":false},"excerpt":{"rendered":"<p><span style=\"font-family: arial,helvetica,sans-serif; font-size: small;\">05.11.2014 &#8211;Experten wie Publikum seien fast einhellig der Meinung, dass noch nie so schlecht, unkultiviert, s\u00e4nger- und traditionsverachtend gesungen worden sei wie heute, erkl\u00e4rt der Sender BR-Klassik. In einer direkt \u00fcbertragenen Podiumsdiskussion sollen nun unter anderem die S\u00e4ngerin Waltraud Meier, der Intendant Nikolaus Bachler und der Stimm-Mediziner Wolfram Seidner Klartext reden.<\/span><\/p>\n","protected":false},"author":1,"featured_media":0,"comment_status":"open","ping_status":"open","sticky":false,"template":"","format":"standard","meta":{"footnotes":""},"categories":[2],"tags":[],"class_list":["post-1861","post","type-post","status-publish","format-standard","hentry","category-nachrichten","entry"],"_links":{"self":[{"href":"https:\/\/codexflores.ch\/index.php\/wp-json\/wp\/v2\/posts\/1861","targetHints":{"allow":["GET"]}}],"collection":[{"href":"https:\/\/codexflores.ch\/index.php\/wp-json\/wp\/v2\/posts"}],"about":[{"href":"https:\/\/codexflores.ch\/index.php\/wp-json\/wp\/v2\/types\/post"}],"author":[{"embeddable":true,"href":"https:\/\/codexflores.ch\/index.php\/wp-json\/wp\/v2\/users\/1"}],"replies":[{"embeddable":true,"href":"https:\/\/codexflores.ch\/index.php\/wp-json\/wp\/v2\/comments?post=1861"}],"version-history":[{"count":0,"href":"https:\/\/codexflores.ch\/index.php\/wp-json\/wp\/v2\/posts\/1861\/revisions"}],"wp:attachment":[{"href":"https:\/\/codexflores.ch\/index.php\/wp-json\/wp\/v2\/media?parent=1861"}],"wp:term":[{"taxonomy":"category","embeddable":true,"href":"https:\/\/codexflores.ch\/index.php\/wp-json\/wp\/v2\/categories?post=1861"},{"taxonomy":"post_tag","embeddable":true,"href":"https:\/\/codexflores.ch\/index.php\/wp-json\/wp\/v2\/tags?post=1861"}],"curies":[{"name":"wp","href":"https:\/\/api.w.org\/{rel}","templated":true}]}}