{"id":1866,"date":"2014-11-06T07:22:18","date_gmt":"2014-11-06T07:22:18","guid":{"rendered":"https:\/\/codexflores.ch\/index.php\/2014\/11\/06\/sony-nimmt-martin-froest-unter-vertrag\/"},"modified":"2014-11-06T07:22:18","modified_gmt":"2014-11-06T07:22:18","slug":"sony-nimmt-martin-froest-unter-vertrag","status":"publish","type":"post","link":"https:\/\/codexflores.ch\/index.php\/2014\/11\/06\/sony-nimmt-martin-froest-unter-vertrag\/","title":{"rendered":"Sony nimmt Martin Fr\u00f6st unter Vertrag"},"content":{"rendered":"<p><span style=\"font-family: arial,helvetica,sans-serif; font-size: small;\">06.11.2014 &#8212; Der schwedische Klarinettist und Sonning-Preis-Gewinner Martin Fr\u00f6st hat einen langfristigen exklusiven Vertrag mit dem Label Sony Classical abgeschlossen.<\/span><\/p>\n<p><span style=\"font-family: arial,helvetica,sans-serif; font-size: small;\"><strong>06.11.2014 &#8212; Der schwedische Klarinettist und Sonning-Preis-Gewinner Martin Fr\u00f6st hat einen langfristigen exklusiven Vertrag mit dem Label Sony Classical abgeschlossen.<\/strong><\/span><\/p>\n<p><span style=\"font-family: arial,helvetica,sans-serif; font-size: small;\">\u00a0<\/span><\/p>\n<p><span style=\"font-family: arial,helvetica,sans-serif; font-size: small;\">Das erste Album der Zusammenarbeit soll im Januar 2016 erscheinen. Fr\u00f6st wird dabei begleitet vom Royal Stockholm Philharmonic Orchestra. Es handelt sich um den ersten Teil einer Trilogie mit Namen\u00a0\u00abGenesis Projekt\u00bb. Letzteres umfasst neue Kompositionen, zum Teil Auftragswerke, klassische Repertoirest\u00fccke, aber auch Folk und Volksmusik.<\/span><\/p>\n<p><span style=\"font-family: arial,helvetica,sans-serif; font-size: small;\">\u00a0<\/span><\/p>\n<p><span style=\"font-family: arial,helvetica,sans-serif; font-size: small;\">Der aus Sundsvall\/Schweden stammende Martin Fr\u00f6st z\u00e4hlt zu den gefragtesten Klarinettisten von heute. Sein Repertoire umfasst nicht nur die wichtigen Konzerte und Kammermusikwerke der Klassik und Romantik, sondern auch zahlreiche zeitgen\u00f6ssische St\u00fccke, die von ihm selbst in Auftrag gegeben, f\u00fcr ihn komponiert oder von ihm uraufgef\u00fchrt wurden. <em>(cf)<\/em><\/span><\/p>\n<p><span style=\"font-family: arial,helvetica,sans-serif; font-size: small;\">\u00a0<\/span><\/p>\n","protected":false},"excerpt":{"rendered":"<p><span style=\"font-family: arial,helvetica,sans-serif; font-size: small;\">06.11.2014 &#8212; Der schwedische Klarinettist und Sonning-Preis-Gewinner Martin Fr\u00f6st hat einen langfristigen exklusiven Vertrag mit dem Label Sony Classical abgeschlossen.<\/span><\/p>\n","protected":false},"author":1,"featured_media":0,"comment_status":"open","ping_status":"open","sticky":false,"template":"","format":"standard","meta":{"footnotes":""},"categories":[2],"tags":[],"class_list":["post-1866","post","type-post","status-publish","format-standard","hentry","category-nachrichten","entry"],"_links":{"self":[{"href":"https:\/\/codexflores.ch\/index.php\/wp-json\/wp\/v2\/posts\/1866","targetHints":{"allow":["GET"]}}],"collection":[{"href":"https:\/\/codexflores.ch\/index.php\/wp-json\/wp\/v2\/posts"}],"about":[{"href":"https:\/\/codexflores.ch\/index.php\/wp-json\/wp\/v2\/types\/post"}],"author":[{"embeddable":true,"href":"https:\/\/codexflores.ch\/index.php\/wp-json\/wp\/v2\/users\/1"}],"replies":[{"embeddable":true,"href":"https:\/\/codexflores.ch\/index.php\/wp-json\/wp\/v2\/comments?post=1866"}],"version-history":[{"count":0,"href":"https:\/\/codexflores.ch\/index.php\/wp-json\/wp\/v2\/posts\/1866\/revisions"}],"wp:attachment":[{"href":"https:\/\/codexflores.ch\/index.php\/wp-json\/wp\/v2\/media?parent=1866"}],"wp:term":[{"taxonomy":"category","embeddable":true,"href":"https:\/\/codexflores.ch\/index.php\/wp-json\/wp\/v2\/categories?post=1866"},{"taxonomy":"post_tag","embeddable":true,"href":"https:\/\/codexflores.ch\/index.php\/wp-json\/wp\/v2\/tags?post=1866"}],"curies":[{"name":"wp","href":"https:\/\/api.w.org\/{rel}","templated":true}]}}