{"id":1867,"date":"2014-11-06T11:00:24","date_gmt":"2014-11-06T11:00:24","guid":{"rendered":"https:\/\/codexflores.ch\/index.php\/2014\/11\/06\/von-peter-wird-intendant-des-luzerner-theaters\/"},"modified":"2014-11-06T11:00:24","modified_gmt":"2014-11-06T11:00:24","slug":"von-peter-wird-intendant-des-luzerner-theaters","status":"publish","type":"post","link":"https:\/\/codexflores.ch\/index.php\/2014\/11\/06\/von-peter-wird-intendant-des-luzerner-theaters\/","title":{"rendered":"Von Peter wird Intendant des Luzerner Theaters"},"content":{"rendered":"<p><span style=\"font-family: arial,helvetica,sans-serif;\">06.11.2014 &#8212; Der 37j\u00e4hrige Opernregisseur Benedikt von Peter, der derzeitige Leiter der Sparte Musiktheater des Theaters Bremen, wird ab Sommer 2016 Intendant des Luzerner Theaters und damit Nachfolger von Dominique Mentha.<\/span><\/p>\n<p><strong><span style=\"font-family: arial,helvetica,sans-serif;\">06.11.2014 &#8212; Der 37j\u00e4hrige Opernregisseur Benedikt von Peter, der derzeitige Leiter der Sparte Musiktheater des Theaters Bremen, wird ab Sommer 2016 Intendant des Luzerner Theaters und damit Nachfolger von Dominique Mentha.<\/span><\/strong><\/p>\n<p>\u00a0<\/p>\n<p><span style=\"font-family: arial,helvetica,sans-serif;\">Rund 80 Kandidatinnen und Kandidaten h\u00e4tten sich um die Nachfolge des Luzerner Theater-Direktors beworben, schreibt das Theater.\u00a0Mentha wird im Sommer 2016 nach zw\u00f6lf Spielzeiten das Haus an der Reuss verlassen. Trotz der grossen Zahl von Bewerbungen habe sich die siebenk\u00f6pfige Findungskommission unisono und in \u00dcbereinstimmung mit dem weitgef\u00e4cherten Anforderungsprofil f\u00fcr von Peter entschieden.<\/span><\/p>\n<p><span style=\"font-family: arial,helvetica,sans-serif;\">\u00a0<\/span><\/p>\n<p><span style=\"font-family: arial,helvetica,sans-serif;\">Mit Benedikt von Peter kommt nach \u00dcberzeugung der\u00a0 Luzerner Theaterverantwortlichen \u00abeiner der gefragtesten Opernregisseure des deutschsprachigen Raums nach Luzern\u00bb. Am Mittwoch wurde er vom Stiftungsrat des Luzerner Theaters einstimmig gew\u00e4hlt und am Donnerstag dem Haus sowie den Medien vorgestellt.<\/span><\/p>\n<p><span style=\"font-family: arial,helvetica,sans-serif;\">\u00a0<\/span><\/p>\n<p><span style=\"font-family: arial,helvetica,sans-serif;\">Benedikt von Peter wurde 1977 in K\u00f6ln geboren, studierte in Bonn Musikwissenschaft, Germanistik, Jura und Gesang. Danach war er an verschiedenen H\u00e4usern Regieassistent und gr\u00fcndete ein freies Theaterkollektiv. Nach einigen Jahren in der Freien Szene inszenierte er an Theatern und Opern in Deutschland und der Schweiz (unter anderem Theater Basel, Oper Frankfurt, Staatstheater Hannover, Komische und Deutsche Oper Berlin), seit 2012 leitet er die Musiktheatersparte des Theaters Bremen. <em>(cf)<\/em> <\/span><\/p>\n","protected":false},"excerpt":{"rendered":"<p><span style=\"font-family: arial,helvetica,sans-serif;\">06.11.2014 &#8212; Der 37j\u00e4hrige Opernregisseur Benedikt von Peter, der derzeitige Leiter der Sparte Musiktheater des Theaters Bremen, wird ab Sommer 2016 Intendant des Luzerner Theaters und damit Nachfolger von Dominique Mentha.<\/span><\/p>\n","protected":false},"author":1,"featured_media":0,"comment_status":"open","ping_status":"open","sticky":false,"template":"","format":"standard","meta":{"footnotes":""},"categories":[2],"tags":[],"class_list":["post-1867","post","type-post","status-publish","format-standard","hentry","category-nachrichten","entry"],"_links":{"self":[{"href":"https:\/\/codexflores.ch\/index.php\/wp-json\/wp\/v2\/posts\/1867","targetHints":{"allow":["GET"]}}],"collection":[{"href":"https:\/\/codexflores.ch\/index.php\/wp-json\/wp\/v2\/posts"}],"about":[{"href":"https:\/\/codexflores.ch\/index.php\/wp-json\/wp\/v2\/types\/post"}],"author":[{"embeddable":true,"href":"https:\/\/codexflores.ch\/index.php\/wp-json\/wp\/v2\/users\/1"}],"replies":[{"embeddable":true,"href":"https:\/\/codexflores.ch\/index.php\/wp-json\/wp\/v2\/comments?post=1867"}],"version-history":[{"count":0,"href":"https:\/\/codexflores.ch\/index.php\/wp-json\/wp\/v2\/posts\/1867\/revisions"}],"wp:attachment":[{"href":"https:\/\/codexflores.ch\/index.php\/wp-json\/wp\/v2\/media?parent=1867"}],"wp:term":[{"taxonomy":"category","embeddable":true,"href":"https:\/\/codexflores.ch\/index.php\/wp-json\/wp\/v2\/categories?post=1867"},{"taxonomy":"post_tag","embeddable":true,"href":"https:\/\/codexflores.ch\/index.php\/wp-json\/wp\/v2\/tags?post=1867"}],"curies":[{"name":"wp","href":"https:\/\/api.w.org\/{rel}","templated":true}]}}