{"id":1873,"date":"2014-11-11T07:09:03","date_gmt":"2014-11-11T07:09:03","guid":{"rendered":"https:\/\/codexflores.ch\/index.php\/2014\/11\/11\/orchesters-von-luettich-unter-neuer-leitung\/"},"modified":"2014-11-11T07:09:03","modified_gmt":"2014-11-11T07:09:03","slug":"orchesters-von-luettich-unter-neuer-leitung","status":"publish","type":"post","link":"https:\/\/codexflores.ch\/index.php\/2014\/11\/11\/orchesters-von-luettich-unter-neuer-leitung\/","title":{"rendered":"Orchester von L\u00fcttich unter neuer Leitung"},"content":{"rendered":"<p><span style=\"font-family: arial,helvetica,sans-serif; font-size: small;\">11.11.2014 &#8212; Daniel Weissmann wird per Januar 2015 Generaldirektor des K\u00f6niglich Philharmonischen Orchesters von L\u00fcttich. Er folgt in dem Amt auf Jean-Pierre Rousseau, der neu den Bereich Musik von Radio France leitet.<\/span><\/p>\n<p><span style=\"font-family: arial,helvetica,sans-serif; font-size: small;\"><strong>11.11.2014 &#8212; Daniel Weissmann wird per Januar 2015 Generaldirektor des K\u00f6niglich Philharmonischen Orchesters von L\u00fcttich. Er folgt in dem Amt auf Jean-Pierre Rousseau, der neu den Bereich Musik von Radio France leitet.<\/strong><\/span><\/p>\n<p><span style=\"font-family: arial,helvetica,sans-serif; font-size: small;\">\u00a0<\/span><\/p>\n<p><span style=\"font-family: arial,helvetica,sans-serif; font-size: small;\">Weissmann war bisher Leiter des Orchestre Dijon Bourgogne (ODB).<\/span><\/p>\n<p><span style=\"font-family: arial,helvetica,sans-serif; font-size: small;\">\u00a0<\/span><\/p>\n<p><span style=\"font-family: arial,helvetica,sans-serif; font-size: small;\">Das Li\u00e8ge Royal Philharmonic (K\u00f6niglich Philharmonisches Orchester L\u00fcttich) ist das einzige Symphonieorchester der franz\u00f6sischsprachigen Gemeinschaft Belgiens. Es pr\u00e4sentiert sich regelm\u00e4ssig im Rahmen des Philharmonischen Saals L\u00fcttich sowie im gesamten Land (in Br\u00fcssel, Charleroi, Namur, Turnhout, Virton, Sankt-Vith).\u00a0Chefdirigent ist Christian Arming. <em>(cf)<\/em><\/span><\/p>\n<p>\u00a0<\/p>\n","protected":false},"excerpt":{"rendered":"<p><span style=\"font-family: arial,helvetica,sans-serif; font-size: small;\">11.11.2014 &#8212; Daniel Weissmann wird per Januar 2015 Generaldirektor des K\u00f6niglich Philharmonischen Orchesters von L\u00fcttich. Er folgt in dem Amt auf Jean-Pierre Rousseau, der neu den Bereich Musik von Radio France leitet.<\/span><\/p>\n","protected":false},"author":1,"featured_media":0,"comment_status":"open","ping_status":"open","sticky":false,"template":"","format":"standard","meta":{"footnotes":""},"categories":[2],"tags":[],"class_list":["post-1873","post","type-post","status-publish","format-standard","hentry","category-nachrichten","entry"],"_links":{"self":[{"href":"https:\/\/codexflores.ch\/index.php\/wp-json\/wp\/v2\/posts\/1873","targetHints":{"allow":["GET"]}}],"collection":[{"href":"https:\/\/codexflores.ch\/index.php\/wp-json\/wp\/v2\/posts"}],"about":[{"href":"https:\/\/codexflores.ch\/index.php\/wp-json\/wp\/v2\/types\/post"}],"author":[{"embeddable":true,"href":"https:\/\/codexflores.ch\/index.php\/wp-json\/wp\/v2\/users\/1"}],"replies":[{"embeddable":true,"href":"https:\/\/codexflores.ch\/index.php\/wp-json\/wp\/v2\/comments?post=1873"}],"version-history":[{"count":0,"href":"https:\/\/codexflores.ch\/index.php\/wp-json\/wp\/v2\/posts\/1873\/revisions"}],"wp:attachment":[{"href":"https:\/\/codexflores.ch\/index.php\/wp-json\/wp\/v2\/media?parent=1873"}],"wp:term":[{"taxonomy":"category","embeddable":true,"href":"https:\/\/codexflores.ch\/index.php\/wp-json\/wp\/v2\/categories?post=1873"},{"taxonomy":"post_tag","embeddable":true,"href":"https:\/\/codexflores.ch\/index.php\/wp-json\/wp\/v2\/tags?post=1873"}],"curies":[{"name":"wp","href":"https:\/\/api.w.org\/{rel}","templated":true}]}}