{"id":1881,"date":"2014-11-13T16:19:12","date_gmt":"2014-11-13T16:19:12","guid":{"rendered":"https:\/\/codexflores.ch\/index.php\/2014\/11\/13\/schweizer-musikzeitung-nr-11-2014\/"},"modified":"2014-11-13T16:19:12","modified_gmt":"2014-11-13T16:19:12","slug":"schweizer-musikzeitung-nr-11-2014","status":"publish","type":"post","link":"https:\/\/codexflores.ch\/index.php\/2014\/11\/13\/schweizer-musikzeitung-nr-11-2014\/","title":{"rendered":"Schweizer Musikzeitung Nr.11\/2014"},"content":{"rendered":"<p><span style=\"font-family: arial,helvetica,sans-serif; font-size: small;\"><strong><img decoding=\"async\" src=\"images\/zeitschriften_covers\/141111smz11.jpg\" border=\"0\" alt=\"Cover Zeitschrift\" style=\"float: left; margin: 8px;\" \/>Focus<\/strong><\/span><\/p>\n<p><span style=\"font-family: arial,helvetica,sans-serif; font-size: small;\"><strong>\u00abAusgezeichnet, aber er \u00fcbt viel zu viel\u00bb<\/strong><\/span><br \/><span style=\"font-family: arial,helvetica,sans-serif; font-size: small;\">Walter Furrer \u00fcber seine Studienjahre in Paris<\/span><br \/><span style=\"font-family: arial,helvetica,sans-serif; font-size: small;\">\u00ab Excellent, mais il travaille trop ! \u00bb<\/span><br \/><span style=\"font-family: arial,helvetica,sans-serif; font-size: small;\">Extraits de l\u2019autobiographie de Walter Furrer et de ses \u00e9tudes \u00e0 Paris<\/span><\/p>\n<p><span style=\"font-family: arial,helvetica,sans-serif; font-size: small;\"><strong>Melting Pomme<\/strong><\/span><br \/><span style=\"font-family: arial,helvetica,sans-serif; font-size: small;\">Jazzmen et Jazzwomen Suisses aux Etats-Unis<\/span><br \/><span style=\"font-family: arial,helvetica,sans-serif; font-size: small;\">Junge Schweizer Jazzmusikerinnen und -musiker in Amerika<\/span><\/p>\n<p><span style=\"font-family: arial,helvetica,sans-serif; font-size: small;\"><strong>La pluralit\u00e9 constitue la musique am\u00e9ricaine<\/strong><\/span><br \/><span style=\"font-family: arial,helvetica,sans-serif; font-size: small;\">Henry Cowell, Lou Harrison, Alan Hovhaness et Harry Partch<\/span><br \/><span style=\"font-family: arial,helvetica,sans-serif; font-size: small;\">Stilpluralismus in Amerika: vier Komponisten kurz portr\u00e4tiert<\/span><\/p>\n<p><span style=\"font-family: arial,helvetica,sans-serif; font-size: small;\"><strong>Alle brasilianische Musik ist melancholisch<\/strong><\/span><br \/><span style=\"font-family: arial,helvetica,sans-serif; font-size: small;\">Interview mit Luiz Alves da Silva<\/span><br \/><span style=\"font-family: arial,helvetica,sans-serif; font-size: small;\">La musique br\u00e9silienne est toujours m\u00e9lancolique<\/span><br \/><span style=\"font-family: arial,helvetica,sans-serif; font-size: small;\">Entretien avec Luiz Alves da Silva<\/span><br \/><span style=\"font-family: arial,helvetica,sans-serif; font-size: small;\">Genf &#8211; Paris, zweimal hin, einmal zur\u00fcck<\/span><br \/><span style=\"font-family: arial,helvetica,sans-serif; font-size: small;\">Pierre Wissmer und sein Leben zwischen Rhone und Seine<\/span><\/p>\n<p><span style=\"font-family: arial,helvetica,sans-serif; font-size: small;\"><strong><br \/>Resonance<\/strong><\/span><\/p>\n<p><span style=\"font-family: arial,helvetica,sans-serif; font-size: small;\">Rezensionen \u2014 nouvelles publications<\/span><br \/><span style=\"font-family: arial,helvetica,sans-serif; font-size: small;\">Si le festival est beau \u00e0 voir, il sera beau \u00e0 entendre : La C\u00f4te fl\u00fbte festival<\/span><br \/><span style=\"font-family: arial,helvetica,sans-serif; font-size: small;\">D\u00e9cloisonner la profession de luthier : \u00ab Strings attached \u00bb \u00e0 Berne<\/span><br \/><span style=\"font-family: arial,helvetica,sans-serif; font-size: small;\">Im Vorbeigehen mitspielen: Novoflot vor dem Berliner Volkstheater<\/span><br \/><span style=\"font-family: arial,helvetica,sans-serif; font-size: small;\">Naturhorn zwischen Plattenbauten: Die Schweiz an der 13. Pyramidale<\/span><br \/><span style=\"font-family: arial,helvetica,sans-serif; font-size: small;\">Wer hat die Kulturbotschaft gelesen?<\/span><br \/><span style=\"font-family: arial,helvetica,sans-serif; font-size: small;\">Stimmen f\u00fcr die SMZ! \u2014 Les voix s\u2019\u00e9l\u00e8vent pour la RMS<\/span><br \/><span style=\"font-family: arial,helvetica,sans-serif; font-size: small;\">Carte Blanche<\/span><\/p>\n<p><span style=\"font-family: arial,helvetica,sans-serif; font-size: small;\"><strong>Campus<\/strong><\/span><\/p>\n<p><span style=\"font-family: arial,helvetica,sans-serif; font-size: small;\">Musique \u00e0 l\u2019h\u00f4pital psychiatrique<\/span><br \/><span style=\"font-family: arial,helvetica,sans-serif; font-size: small;\">Dieses Haus vibriert: Die ZHdK ist ins Toni-Areal gezogen<\/span><br \/><span style=\"font-family: arial,helvetica,sans-serif; font-size: small;\">Rezensionen Unterrichtsliteratur<br \/>klaxon Kinderseite \u2014 page des enfants<\/p>\n<p><\/span><\/p>\n","protected":false},"excerpt":{"rendered":"<p>Focus \u00abAusgezeichnet, aber er \u00fcbt viel zu viel\u00bbWalter Furrer \u00fcber seine Studienjahre in Paris\u00ab Excellent, mais il travaille trop !&#8230;<\/p>\n","protected":false},"author":1,"featured_media":0,"comment_status":"open","ping_status":"open","sticky":false,"template":"","format":"standard","meta":{"footnotes":""},"categories":[10],"tags":[],"class_list":["post-1881","post","type-post","status-publish","format-standard","hentry","category-fachzeitschriften","entry"],"_links":{"self":[{"href":"https:\/\/codexflores.ch\/index.php\/wp-json\/wp\/v2\/posts\/1881","targetHints":{"allow":["GET"]}}],"collection":[{"href":"https:\/\/codexflores.ch\/index.php\/wp-json\/wp\/v2\/posts"}],"about":[{"href":"https:\/\/codexflores.ch\/index.php\/wp-json\/wp\/v2\/types\/post"}],"author":[{"embeddable":true,"href":"https:\/\/codexflores.ch\/index.php\/wp-json\/wp\/v2\/users\/1"}],"replies":[{"embeddable":true,"href":"https:\/\/codexflores.ch\/index.php\/wp-json\/wp\/v2\/comments?post=1881"}],"version-history":[{"count":0,"href":"https:\/\/codexflores.ch\/index.php\/wp-json\/wp\/v2\/posts\/1881\/revisions"}],"wp:attachment":[{"href":"https:\/\/codexflores.ch\/index.php\/wp-json\/wp\/v2\/media?parent=1881"}],"wp:term":[{"taxonomy":"category","embeddable":true,"href":"https:\/\/codexflores.ch\/index.php\/wp-json\/wp\/v2\/categories?post=1881"},{"taxonomy":"post_tag","embeddable":true,"href":"https:\/\/codexflores.ch\/index.php\/wp-json\/wp\/v2\/tags?post=1881"}],"curies":[{"name":"wp","href":"https:\/\/api.w.org\/{rel}","templated":true}]}}