{"id":1886,"date":"2014-11-17T06:37:47","date_gmt":"2014-11-17T06:37:47","guid":{"rendered":"https:\/\/codexflores.ch\/index.php\/2014\/11\/17\/der-swr-trauert-um-armin-koehler\/"},"modified":"2014-11-17T06:37:47","modified_gmt":"2014-11-17T06:37:47","slug":"der-swr-trauert-um-armin-koehler","status":"publish","type":"post","link":"https:\/\/codexflores.ch\/index.php\/2014\/11\/17\/der-swr-trauert-um-armin-koehler\/","title":{"rendered":"Der SWR trauert um Armin K\u00f6hler"},"content":{"rendered":"<p><span style=\"font-family: arial,helvetica,sans-serif; font-size: small;\">17.11.2014 &#8212; Der langj\u00e4hrige k\u00fcnstlerische Leiter der Donaueschinger Musiktage und Leiter der SWR2 Redaktion Neue Musik und Jazz ist laut einer offiziellen Mitteilung des Senders am Samstag verstorben.<\/span><\/p>\n<p><span style=\"font-family: arial,helvetica,sans-serif; font-size: small;\"><strong>17.11.2014 &#8212; Der langj\u00e4hrige k\u00fcnstlerische Leiter der Donaueschinger Musiktage und Leiter der SWR2 Redaktion Neue Musik und Jazz ist laut einer offiziellen Mitteilung des Senders am Samstag verstorben.<\/strong><\/span><\/p>\n<p><span style=\"font-family: arial,helvetica,sans-serif; font-size: small;\">\u00a0<\/span><\/p>\n<p><span style=\"font-family: arial,helvetica,sans-serif; font-size: small;\">Armin K\u00f6hler war seit 1992 Leiter der Donaueschinger Musiktage und hat seitdem ann\u00e4hernd 400 Kompositionen f\u00fcr das Festival in Auftrag gegeben. Armin K\u00f6hler hat zahlreiche junge Talente wie Mark Andre, Jennifer Walshe oder Simon Steen-Andersen entdeckt und gef\u00f6rdert und viele Komponisten begleitet, darunter Gy\u00f6rgy Ligeti, Pierre Boulez, Helmut Lachenmann, Dieter Schnebel, Maurizio Kagel und Vinko Globokar. <\/span><\/p>\n<p><span style=\"font-family: arial,helvetica,sans-serif; font-size: small;\">\u00a0<\/span><\/p>\n<p><span style=\"font-family: arial,helvetica,sans-serif; font-size: small;\">Bei den Donaueschinger Musiktagen habe er das Blickfeld \u00fcber die Grenzen der K\u00fcnste hinweg ge\u00f6ffnet und und den Kontakt der Neuen Musik zu anderen Medien und K\u00fcnsten gef\u00f6rdert und unterst\u00fctzt.<\/span><\/p>\n<p><span style=\"font-family: arial,helvetica,sans-serif; font-size: small;\">\u00a0<\/span><\/p>\n<p><span style=\"font-family: arial,helvetica,sans-serif; font-size: small;\">Der 1952 geborene Armin K\u00f6hler kam 1992 zum S\u00fcdwestrundfunk (SWR), wo er die Nachfolge von Josef H\u00e4usler antrat, dem vormaligen Leiter der Donaueschinger Musiktage. Zuvor arbeitete der Posaunist und Musikwissenschaftler beim Musikverlag Edition Peters als Lektor und Leiter der Spezialabteilung f\u00fcr Neue Musik in Dresden und lehrte an der Dresdner Musikhochschule. <em>(cf)<\/em><\/span><\/p>\n","protected":false},"excerpt":{"rendered":"<p><span style=\"font-family: arial,helvetica,sans-serif; font-size: small;\">17.11.2014 &#8212; Der langj\u00e4hrige k\u00fcnstlerische Leiter der Donaueschinger Musiktage und Leiter der SWR2 Redaktion Neue Musik und Jazz ist laut einer offiziellen Mitteilung des Senders am Samstag verstorben.<\/span><\/p>\n","protected":false},"author":1,"featured_media":0,"comment_status":"open","ping_status":"open","sticky":false,"template":"","format":"standard","meta":{"footnotes":""},"categories":[2],"tags":[],"class_list":["post-1886","post","type-post","status-publish","format-standard","hentry","category-nachrichten","entry"],"_links":{"self":[{"href":"https:\/\/codexflores.ch\/index.php\/wp-json\/wp\/v2\/posts\/1886","targetHints":{"allow":["GET"]}}],"collection":[{"href":"https:\/\/codexflores.ch\/index.php\/wp-json\/wp\/v2\/posts"}],"about":[{"href":"https:\/\/codexflores.ch\/index.php\/wp-json\/wp\/v2\/types\/post"}],"author":[{"embeddable":true,"href":"https:\/\/codexflores.ch\/index.php\/wp-json\/wp\/v2\/users\/1"}],"replies":[{"embeddable":true,"href":"https:\/\/codexflores.ch\/index.php\/wp-json\/wp\/v2\/comments?post=1886"}],"version-history":[{"count":0,"href":"https:\/\/codexflores.ch\/index.php\/wp-json\/wp\/v2\/posts\/1886\/revisions"}],"wp:attachment":[{"href":"https:\/\/codexflores.ch\/index.php\/wp-json\/wp\/v2\/media?parent=1886"}],"wp:term":[{"taxonomy":"category","embeddable":true,"href":"https:\/\/codexflores.ch\/index.php\/wp-json\/wp\/v2\/categories?post=1886"},{"taxonomy":"post_tag","embeddable":true,"href":"https:\/\/codexflores.ch\/index.php\/wp-json\/wp\/v2\/tags?post=1886"}],"curies":[{"name":"wp","href":"https:\/\/api.w.org\/{rel}","templated":true}]}}