{"id":1889,"date":"2014-11-18T06:44:39","date_gmt":"2014-11-18T06:44:39","guid":{"rendered":"https:\/\/codexflores.ch\/index.php\/2014\/11\/18\/stensvold-beendet-seine-buehnenkarriere\/"},"modified":"2014-11-18T06:44:39","modified_gmt":"2014-11-18T06:44:39","slug":"stensvold-beendet-seine-buehnenkarriere","status":"publish","type":"post","link":"https:\/\/codexflores.ch\/index.php\/2014\/11\/18\/stensvold-beendet-seine-buehnenkarriere\/","title":{"rendered":"Stensvold beendet seine B\u00fchnenkarriere"},"content":{"rendered":"<p><span style=\"font-family: arial,helvetica,sans-serif; font-size: small;\">18.11.2014 &#8212; <span style=\"letter-spacing: -0.1pt;\">Im Alter von 71 Jahren hat der norwegische Bariton Terje Stensvold seine B\u00fchnenkarriere offiziell beendet. In Frankfurt ist ihm dabei als besondere Ehrung der Rheingold-Preis des Richard-Wagner-Verbandes Frankfurt am Main \u00fcberreicht worden.<\/span><\/span><\/p>\n<p><span style=\"font-family: arial,helvetica,sans-serif; font-size: small;\"><strong>18.11.2014 &#8212; <\/strong><span style=\"letter-spacing: -0.1pt;\"><strong>Im Alter von 71 Jahren hat der norwegische Bariton Terje Stensvold seine B\u00fchnenkarriere offiziell beendet. In Frankfurt ist ihm dabei als besondere Ehrung der Rheingold-Preis des Richard-Wagner-Verbandes Frankfurt am Main \u00fcberreicht worden.<\/strong> <br \/><\/span><\/span><\/p>\n<p>\u00a0<\/p>\n<p><span style=\"font-family: arial,helvetica,sans-serif; font-size: small;\">Der norwegische Bariton hat den \u00fcberwiegenden Teil seiner Karriere als Ensemblemitglied in Oslo gesungen und vergleichsweise sp\u00e4t, n\u00e4mlich im Alter von 52 Jahren, eine Alterskarriere gestartet, die ihn an zahlreiche grosse Opernh\u00e4user der Welt brachte, darunter auch ans Opernhaus Z\u00fcrich. Als ehemaliges Ensemblemitglied der Norske Opera Oslo sang er etwa achtzig Rollen: von Jago (Otello) und Klingsor (Parsifal) bis Gianni Schicchi, von Mozarts Figaro und Don Giovanni bis Danilo (Die lustige Witwe) und Professor Higgins (My Fair Lady). <\/span><\/p>\n<p><span style=\"font-family: arial,helvetica,sans-serif; font-size: small;\">\u00a0<\/span><\/p>\n<p><span style=\"font-family: arial,helvetica,sans-serif; font-size: small;\">Konzertant war\u00a0<span style=\"font-family: arial,helvetica,sans-serif; font-size: small;\"><span style=\"letter-spacing: -0.1pt;\">Stensvold<\/span><\/span> zudem mit den Berliner Philharmonikern unter Sir Simon Rattle und bei den London Proms unter Daniel Barenboim zu erleben. Zu seinen j\u00fcngsten Gastengagements z\u00e4hlt Wotan in Melbourne, wof\u00fcr er den Helpmann-Award als Bester m\u00e4nnlicher Operns\u00e4nger einer australischen Produktion erhielt. K\u00fcrzlich wurde Terje Stensvold als erst vierter norwegischer Operns\u00e4nger in die Kirsten Flagstad Hall of Fame aufgenommen.<\/span><\/p>\n<p><span style=\"font-family: arial,helvetica,sans-serif; font-size: small;\">\u00a0<\/span><\/p>\n<p><span style=\"font-family: arial,helvetica,sans-serif; font-size: small;\"> 2008 wurde er vom norwegischen K\u00f6nig zum Ritter 1. Klasse des St. Olav-Ordens ernannt. Seine Diskografie umfasst unter anderem eine Gesamteinspielung des <em>Fliegenden Holl\u00e4nders<\/em> unter Bruno Weil (Harmonia Mundi) und <em>Jeanne d\u2019Arc<\/em> von Walter Braunfels unter Manfred Honeck.<em> (cf)<\/em> <br \/><\/span><\/p>\n","protected":false},"excerpt":{"rendered":"<p><span style=\"font-family: arial,helvetica,sans-serif; font-size: small;\">18.11.2014 &#8212; <span style=\"letter-spacing: -0.1pt;\">Im Alter von 71 Jahren hat der norwegische Bariton Terje Stensvold seine B\u00fchnenkarriere offiziell beendet. In Frankfurt ist ihm dabei als besondere Ehrung der Rheingold-Preis des Richard-Wagner-Verbandes Frankfurt am Main \u00fcberreicht worden.<\/span><\/span><\/p>\n","protected":false},"author":1,"featured_media":0,"comment_status":"open","ping_status":"open","sticky":false,"template":"","format":"standard","meta":{"footnotes":""},"categories":[2],"tags":[],"class_list":["post-1889","post","type-post","status-publish","format-standard","hentry","category-nachrichten","entry"],"_links":{"self":[{"href":"https:\/\/codexflores.ch\/index.php\/wp-json\/wp\/v2\/posts\/1889","targetHints":{"allow":["GET"]}}],"collection":[{"href":"https:\/\/codexflores.ch\/index.php\/wp-json\/wp\/v2\/posts"}],"about":[{"href":"https:\/\/codexflores.ch\/index.php\/wp-json\/wp\/v2\/types\/post"}],"author":[{"embeddable":true,"href":"https:\/\/codexflores.ch\/index.php\/wp-json\/wp\/v2\/users\/1"}],"replies":[{"embeddable":true,"href":"https:\/\/codexflores.ch\/index.php\/wp-json\/wp\/v2\/comments?post=1889"}],"version-history":[{"count":0,"href":"https:\/\/codexflores.ch\/index.php\/wp-json\/wp\/v2\/posts\/1889\/revisions"}],"wp:attachment":[{"href":"https:\/\/codexflores.ch\/index.php\/wp-json\/wp\/v2\/media?parent=1889"}],"wp:term":[{"taxonomy":"category","embeddable":true,"href":"https:\/\/codexflores.ch\/index.php\/wp-json\/wp\/v2\/categories?post=1889"},{"taxonomy":"post_tag","embeddable":true,"href":"https:\/\/codexflores.ch\/index.php\/wp-json\/wp\/v2\/tags?post=1889"}],"curies":[{"name":"wp","href":"https:\/\/api.w.org\/{rel}","templated":true}]}}