{"id":1895,"date":"2014-11-19T06:55:25","date_gmt":"2014-11-19T06:55:25","guid":{"rendered":"https:\/\/codexflores.ch\/index.php\/2014\/11\/19\/kuendigungen-an-roemer-oper-zurueckgenommen\/"},"modified":"2014-11-19T06:55:25","modified_gmt":"2014-11-19T06:55:25","slug":"kuendigungen-an-roemer-oper-zurueckgenommen","status":"publish","type":"post","link":"https:\/\/codexflores.ch\/index.php\/2014\/11\/19\/kuendigungen-an-roemer-oper-zurueckgenommen\/","title":{"rendered":"K\u00fcndigungen an R\u00f6mer Oper zur\u00fcckgenommen"},"content":{"rendered":"<p><span style=\"font-family: arial,helvetica,sans-serif; font-size: small;\">19.11.2014 &#8212; Die kollektiven K\u00fcndigungen von Chor und Orchester der R\u00f6mer Oper sind zur\u00fcckgenommen worden. Die Sozialpartner haben sich auf einen Sanierungsplan ohne Massenentlassungen geeinigt.<\/span><\/p>\n<p><span style=\"font-family: arial,helvetica,sans-serif; font-size: small;\"><strong>19.11.2014 &#8212; Die kollektiven K\u00fcndigungen von Chor und Orchester der R\u00f6mer Oper sind zur\u00fcckgenommen worden. Die Sozialpartner haben sich auf einen Sanierungsplan ohne Massenentlassungen geeinigt.<\/strong><\/span><\/p>\n<p>\u00a0<\/p>\n<p><span style=\"font-family: arial,helvetica,sans-serif; font-size: small;\">Laut der italienischen Nachrichtenagentur Ansa hat sich die Leitung des Hauses mit den Gewerkschaften geeinigt. Die Einigung sieht Einsparungen in H\u00f6he von drei Millionen Euro vor. Ein Teil der Geh\u00e4lter f\u00fcr die Saison 2015\/16 soll zudem eingefroren werden.<\/span><\/p>\n<p>\u00a0<\/p>\n<p><span style=\"font-family: arial,helvetica,sans-serif; font-size: small;\">Urspr\u00fcnglich haben 180 der 460 Mitarbeitenden die K\u00fcndigung erhalten, weil sich das Klima im Streit um die Arbeitsbedingungen\u00a0 verh\u00e4rtete. Dabei warf auch der Dirigent Riccardo Muti das Handtuch. Nun hoffen die Betroffenen, den Stardirigenten wieder ans Haus zur\u00fcckholen zu k\u00f6nnen. <em>(cf)<\/em><\/span><\/p>\n<div>\n<div>\n<div>\n<p>\u00a0<\/p>\n<\/p><\/div>\n<\/p><\/div>\n<\/p><\/div>\n<p>\u00a0<\/p>\n","protected":false},"excerpt":{"rendered":"<p><span style=\"font-family: arial,helvetica,sans-serif; font-size: small;\">19.11.2014 &#8212; Die kollektiven K\u00fcndigungen von Chor und Orchester der R\u00f6mer Oper sind zur\u00fcckgenommen worden. Die Sozialpartner haben sich auf einen Sanierungsplan ohne Massenentlassungen geeinigt.<\/span><\/p>\n","protected":false},"author":1,"featured_media":0,"comment_status":"open","ping_status":"open","sticky":false,"template":"","format":"standard","meta":{"footnotes":""},"categories":[2],"tags":[],"class_list":["post-1895","post","type-post","status-publish","format-standard","hentry","category-nachrichten","entry"],"_links":{"self":[{"href":"https:\/\/codexflores.ch\/index.php\/wp-json\/wp\/v2\/posts\/1895","targetHints":{"allow":["GET"]}}],"collection":[{"href":"https:\/\/codexflores.ch\/index.php\/wp-json\/wp\/v2\/posts"}],"about":[{"href":"https:\/\/codexflores.ch\/index.php\/wp-json\/wp\/v2\/types\/post"}],"author":[{"embeddable":true,"href":"https:\/\/codexflores.ch\/index.php\/wp-json\/wp\/v2\/users\/1"}],"replies":[{"embeddable":true,"href":"https:\/\/codexflores.ch\/index.php\/wp-json\/wp\/v2\/comments?post=1895"}],"version-history":[{"count":0,"href":"https:\/\/codexflores.ch\/index.php\/wp-json\/wp\/v2\/posts\/1895\/revisions"}],"wp:attachment":[{"href":"https:\/\/codexflores.ch\/index.php\/wp-json\/wp\/v2\/media?parent=1895"}],"wp:term":[{"taxonomy":"category","embeddable":true,"href":"https:\/\/codexflores.ch\/index.php\/wp-json\/wp\/v2\/categories?post=1895"},{"taxonomy":"post_tag","embeddable":true,"href":"https:\/\/codexflores.ch\/index.php\/wp-json\/wp\/v2\/tags?post=1895"}],"curies":[{"name":"wp","href":"https:\/\/api.w.org\/{rel}","templated":true}]}}